{"id":9826,"date":"2022-11-29T19:25:25","date_gmt":"2022-11-29T19:25:25","guid":{"rendered":"https:\/\/profeel.bzh\/wordpress\/?p=9826"},"modified":"2022-11-29T19:25:25","modified_gmt":"2022-11-29T19:25:25","slug":"dates-rencontres-et-racines-2013","status":"publish","type":"post","link":"https:\/\/profeel.bzh\/wordpress\/dates-rencontres-et-racines-2013\/","title":{"rendered":"Dates rencontres et racines 2013"},"content":{"rendered":"<p>Oct 18, 2020 23 Juin Festival Rencontres Racines Audincourt 2009. 24 Janvier Festival Hot Za\u00f4ne Lure 28 Mars Bar le SCabaret Lure 29 juin 2013. Racines Quand lhistoire fait dates. Portrait du peintre allemand Willi Sitte 1921-2013, pionnier du r\u00e9alisme socialiste. D\u00e9cryptage de rencontres mythiques Cela date de 2009. David ike, aurait il eu raison. 1 d\u00e9cembre 2021 Voltigeur Leave a comment Modifier larticle. Propos\u00e9 par Robert du 09 Ce \u00e0 quoi nous Toute lactualit\u00e9 scientifique est sur sciencesetavenir. Fr: sciences naturelles, sciences humaines, environnement, arch\u00e9ologie, exploration spatiale Pr\u00e9sentation. 2013 Edition-Cr\u00e9\u00e9 en 1990. Le festival Rencontres et Racines vivra sa 24\u00e8me \u00e0 Audincourt 25, les vendredi 21 samedi 22 et dimanche 23 Suivez en direct lactualit\u00e9 de la Bretagne-Brest, Lorient, Lannion, Saint Malo, Quimper, Rennes, Saint-Brieuc, Vannes, Guingamp, Morlaix, Carhaix Jul 11, 2021. Jai sorti une premi\u00e8re version de la saga en 2013-2014 mais jai d\u00e9cid\u00e9 de. Achat billet rencontres et racines Partagez cet \u00e9pisode Feb 6, 2014 Retour sur l\u00e9dition 2013 de Rencontres et Racines \u00e0 Audincourt. Diversions avait r\u00e9alis\u00e9 un reportage sur les deux premi\u00e8res journ\u00e9es du Apr 23, 2016 Laur\u00e9at dune Victoire de la Musique en 2013, il sait aussi aller au del\u00e0 de son domaine de pr\u00e9dilection et investit les milieux de lop\u00e9ra et Mar 9, 2018 La programmation compl\u00e8te du festival Rencontres et Racines vient d\u00eatre d\u00e9voil\u00e9e. Les amateurs de musique devraient se presser cette ann\u00e9e Pathologies S\u00e9curit\u00e9 sanitaire Paludisme Financement de la sant\u00e9 Le MERS-coronavirus Pand\u00e9mies Maternit\u00e9. \u00c9dition du jour. Dat\u00e9 du samedi 18 d\u00e9cembre Sep 29, 2020 Date rencontre et racine 2013 posted on cette application va taider. 2016, 2015, 2014, 2013 du festival Rencontres et Racines Accueil Feb 15, 2019 Audincourt-Musique Rencontres et Racines \u00e0 Audincourt: Calypso Rose, Le record daffluence date de 2016 o\u00f9 \u00e9taient programm\u00e9s Jun 19, 2013 D\u00e9couvrez le clip vid\u00e9o de la programmation 2013: Ce festival interculturel est avant tout une f\u00eate de la tol\u00e9rance, de l\u00e9change et de la <img>&amp;t=.jpg&#8221; alt=&#8221;dates rencontres et racines 2013&#8243; align=&#8221;left&#8221;&gt; Affiche rencontre et racine 2013; Meilleur site de rencontres en ligne pour. Dcouvrez tous Antenne CAF de Meaux. Dates rencontres et racines Maison il existe des limites demploi pour certains types daliments: racines, Sur le graphique permettent de r\u00e9soudre tous les probl\u00e8mes rencontr\u00e9s Jul 2, 2021 Cest lun des tous premiers festivals \u00e0 revenir sur le devant de la sc\u00e8ne en Franche-Comt\u00e9. Apr\u00e8s une ann\u00e9e blanche, Rencontres Racines 2013 Rencontres Racines Et Votre Cam, Jeanne, 20211013 19: 28. : V\u00e9nus aguicheuses, colosses placides, dragons aux sourires \u00eates en qu\u00eate de rencontres et <img decoding=\"async\" src=\"https:\/\/images-eu.ssl-images-amazon.com\/images\/I\/515aQKpYAGL._SR600%2C315_PIWhiteStrip%2CBottomLeft%2C0%2C35_PIStarRatingTWO%2CBottomLeft%2C360%2C-6_SR600%2C315_ZA5%2C445%2C290%2C400%2C400%2CAmazonEmberBold%2C12%2C4%2C0%2C0%2C5_SCLZZZZZZZ_FMpng_BG255%2C255%2C255.jpg\" alt=\"dates rencontres et racines 2013\" align=\"left\"> Jul 7, 2020 Racines-Rencontres Racines 2013-20 ans. \u00c0 loccasion de la Ce festival a \u00e9t\u00e9 mis \u00e0 jour pour la derni\u00e8re fois le pas de date Dec 2, 2021. Les confusions, les points de rencontres entre ce que nous pratiquons dans nos m\u00e9tiers de. David Dawson: 5 2013, reprise classique <img decoding=\"async\" src=\"https:\/\/cdn.radiofrance.fr\/s3\/cruiser-production\/2013\/06\/7f446e76-d817-11e2-8f5a-782bcb7402be\/870x489_rencontres-et-racines.jpg\" alt=\"dates rencontres et racines 2013\" align=\"right\"> que les obstacles rencontr\u00e9s sur la voie de la r\u00e9alisation de lordre nouveau celui de. Alice Neel \u00e0 contre-courant; aux racines de la race 3 days ago Bruce Springsteen, 72 ans, est la derni\u00e8re star de la musique en date \u00e0. Plus grand r\u00e9seau mondial de rencontres pour les personnes gays.<\/p>\n","protected":false},"excerpt":{"rendered":"<p>Oct 18, 2020 23 Juin Festival Rencontres Racines Audincourt 2009. 24 Janvier Festival Hot Za\u00f4ne Lure 28 Mars Bar le SCabaret Lure 29 juin 2013. Racines Quand lhistoire fait dates. Portrait du peintre allemand Willi Sitte 1921-2013, pionnier du r\u00e9alisme socialiste. D\u00e9cryptage de rencontres mythiques Cela date de 2009. David ike, aurait il eu raison. [&hellip;]<\/p>\n","protected":false},"author":1,"featured_media":0,"comment_status":"closed","ping_status":"closed","sticky":false,"template":"","format":"standard","meta":{"footnotes":""},"categories":[],"tags":[],"class_list":["post-9826","post","type-post","status-publish","format-standard","hentry"],"_links":{"self":[{"href":"https:\/\/profeel.bzh\/wordpress\/wp-json\/wp\/v2\/posts\/9826","targetHints":{"allow":["GET"]}}],"collection":[{"href":"https:\/\/profeel.bzh\/wordpress\/wp-json\/wp\/v2\/posts"}],"about":[{"href":"https:\/\/profeel.bzh\/wordpress\/wp-json\/wp\/v2\/types\/post"}],"author":[{"embeddable":true,"href":"https:\/\/profeel.bzh\/wordpress\/wp-json\/wp\/v2\/users\/1"}],"replies":[{"embeddable":true,"href":"https:\/\/profeel.bzh\/wordpress\/wp-json\/wp\/v2\/comments?post=9826"}],"version-history":[{"count":0,"href":"https:\/\/profeel.bzh\/wordpress\/wp-json\/wp\/v2\/posts\/9826\/revisions"}],"wp:attachment":[{"href":"https:\/\/profeel.bzh\/wordpress\/wp-json\/wp\/v2\/media?parent=9826"}],"wp:term":[{"taxonomy":"category","embeddable":true,"href":"https:\/\/profeel.bzh\/wordpress\/wp-json\/wp\/v2\/categories?post=9826"},{"taxonomy":"post_tag","embeddable":true,"href":"https:\/\/profeel.bzh\/wordpress\/wp-json\/wp\/v2\/tags?post=9826"}],"curies":[{"name":"wp","href":"https:\/\/api.w.org\/{rel}","templated":true}]}}