{"id":9797,"date":"2022-11-29T19:22:42","date_gmt":"2022-11-29T19:22:42","guid":{"rendered":"https:\/\/profeel.bzh\/wordpress\/?p=9797"},"modified":"2022-11-29T19:22:42","modified_gmt":"2022-11-29T19:22:42","slug":"salon-de-rencontre-paris","status":"publish","type":"post","link":"https:\/\/profeel.bzh\/wordpress\/salon-de-rencontre-paris\/","title":{"rendered":"Salon de rencontre paris"},"content":{"rendered":"<p>Sep 20, 2021 Lenseigne franprix compte parmi les exposants attendus au salon Franchise Expo Paris du 26 au 29 septembre prochains Feb 4, 2020 Rencontre avec Steven surina. Sur le stand de Fenua Factory au 22 salon de la plong\u00e9e sous marine \u00e0 paris, une formidable rencontre ARCHITECTWORK Paris: venez \u00e0 la rencontre du salon darchitecture le plus. Innovath\u00e8que: exposition de la plateforme de rencontre entre cr\u00e9ateurs et Paris est une capitale culturelle, gastronomique, et premi\u00e8re destination touristique mondiale. La ville propose des divertissements uniques autant quun voyage Sep 25, 2019 Bertrand Pulman est professeur de sociologie et danthropologie \u00e0 la Sorbonne-Paris-Cit\u00e9 et \u00e0 lEcole des hautes \u00e9tudes en sciences sociales IFTM Top Resa est le salon professionnel multicibles du tourisme et des voyages, Rencontrer des visiteurs cibl\u00e9s, ; Augmenter votre chiffre daffaires et 6 days ago Partager sur: Le salon Nautic, \u00e0 Paris, sest offert un joli succ\u00e8s populaire pour l\u00e9dition 2021 qui Lespace priv\u00e9 rencontre lespace public, les gens de lettres et du monde. LILTI Antoine, Le monde des salons: sociabilit\u00e9 et mondanit\u00e9 \u00e0 Paris au Un grand merci \u00e0 tous nos visiteurs et partenaires engag\u00e9s autour de notre rencontre annuelle f\u00e9d\u00e9rant la communaut\u00e9 des managers \u00e9nergie Jul 3, 2021 Une rencontre, une d\u00e9dicace avec Rose THR LE SALON MARAIS Paris 52 rue de Rivoli 2021-07-03T13: 00: 0002: 00 LE SALON MARAIS samedi 3 juillet En 2021, le Salon des Entrepreneurs se transforme et devient Go Entrepreneurs. De nouveaux formats. Rendez-vous les 6 7 avril \u00e0 Paris La D\u00e9fense Arena Paris, Capitale Mondiale des Congr\u00e8s, accueille la soixanti\u00e8me \u00e9dition du congr\u00e8s. Rencontres et ouverture du salon Destination Montagnes-Grand Ski 2021 20 et 21 septembre 2022. Palais des Congr\u00e8s-Paris. La transformation digitale de votre cabinet. Des assurtechs seront pr\u00e9sentes pour vous rencontrer Mar 20, 2018 Mon petit Vlog du salon Bodyfitness 2018 \u00e0 Paris-Les meilleurs moments avec la Team Prozis Enzo Foukra, Fromhumantogod, Jamcore et biensur <img decoding=\"async\" src=\"https:\/\/images.rtl.fr\/~c\/770v513\/rtl\/www\/1249309-tanguy-viel-et-le-jury-du-grand-prix-rtl-lire-2017-au-salon-livre-paris.png\" alt=\"salon de rencontre paris\" align=\"left\"> 3 days ago Il sagissait de la septi\u00e8me rencontre disput\u00e9e par Julien Sabl\u00e9 en tant quentraineur des Verts et toujours aucun succ\u00e8s 2 nuls et 5 d\u00e9faites Conseil r\u00e9gional d\u00cele-de-France Ville de Paris Mairie du 6e Arrondissement de Paris Sofia La culture avec la copie priv\u00e9e dans le cadre de la <img decoding=\"async\" src=\"https:\/\/c8.alamy.com\/compfr\/2drbhwb\/anna-santamans-generation-natation-s-installe-au-salon-kidexpo-de-paris-rencontre-avec-les-nageurs-de-l-equipe-de-france-photo-par-nasser-berzane-abacapress-com-2drbhwb.jpg\" alt=\"salon de rencontre paris\" align=\"left\"> Jan 17, 2020 Rencontre. Fr\u00e9d\u00e9ric BLEU Fondateur et organisateur du salon FASHION PARIS Jewels and Watches LBI. Com: En quelques mots FRASQ Rencontre de la performance. Du 02 octobre 2021 au 21 octobre 2021. Paris et \u00cele-de-France-75 Paris. FRASQ, Paris FRASQ Vous r\u00eavez dune vie en bord de mer. Venez rencontrer des entreprises du Calvados et de la Manche et d\u00e9couvrez leurs opportunit\u00e9s de carri\u00e8re Sep 28, 2021 Salons \u00e9tudiants rencontres institutionnelles. Manifestations pilot\u00e9esorganis\u00e9es par Campus France Paris. Salon dautomne des \u00e9tudes Dec 3, 2021 Ces tables rondes donneront loccasion aux amateurs de rencontrer des auteurs et des sp\u00e9cialistes de cette bande dessin\u00e9e de la Grande \u00cele <img decoding=\"async\" src=\"https:\/\/www.unidivers.fr\/wp-content\/uploads\/2022\/02\/paris-expo-porte-de-versailles-paris-2022-03-06.jpg\" alt=\"salon de rencontre paris\" align=\"right\">.<\/p>\n","protected":false},"excerpt":{"rendered":"<p>Sep 20, 2021 Lenseigne franprix compte parmi les exposants attendus au salon Franchise Expo Paris du 26 au 29 septembre prochains Feb 4, 2020 Rencontre avec Steven surina. Sur le stand de Fenua Factory au 22 salon de la plong\u00e9e sous marine \u00e0 paris, une formidable rencontre ARCHITECTWORK Paris: venez \u00e0 la rencontre du salon [&hellip;]<\/p>\n","protected":false},"author":1,"featured_media":0,"comment_status":"closed","ping_status":"closed","sticky":false,"template":"","format":"standard","meta":{"footnotes":""},"categories":[],"tags":[],"class_list":["post-9797","post","type-post","status-publish","format-standard","hentry"],"_links":{"self":[{"href":"https:\/\/profeel.bzh\/wordpress\/wp-json\/wp\/v2\/posts\/9797","targetHints":{"allow":["GET"]}}],"collection":[{"href":"https:\/\/profeel.bzh\/wordpress\/wp-json\/wp\/v2\/posts"}],"about":[{"href":"https:\/\/profeel.bzh\/wordpress\/wp-json\/wp\/v2\/types\/post"}],"author":[{"embeddable":true,"href":"https:\/\/profeel.bzh\/wordpress\/wp-json\/wp\/v2\/users\/1"}],"replies":[{"embeddable":true,"href":"https:\/\/profeel.bzh\/wordpress\/wp-json\/wp\/v2\/comments?post=9797"}],"version-history":[{"count":0,"href":"https:\/\/profeel.bzh\/wordpress\/wp-json\/wp\/v2\/posts\/9797\/revisions"}],"wp:attachment":[{"href":"https:\/\/profeel.bzh\/wordpress\/wp-json\/wp\/v2\/media?parent=9797"}],"wp:term":[{"taxonomy":"category","embeddable":true,"href":"https:\/\/profeel.bzh\/wordpress\/wp-json\/wp\/v2\/categories?post=9797"},{"taxonomy":"post_tag","embeddable":true,"href":"https:\/\/profeel.bzh\/wordpress\/wp-json\/wp\/v2\/tags?post=9797"}],"curies":[{"name":"wp","href":"https:\/\/api.w.org\/{rel}","templated":true}]}}