{"id":9780,"date":"2022-11-29T19:21:28","date_gmt":"2022-11-29T19:21:28","guid":{"rendered":"https:\/\/profeel.bzh\/wordpress\/?p=9780"},"modified":"2022-11-29T19:21:28","modified_gmt":"2022-11-29T19:21:28","slug":"rencontre-en-terre-inconnue-michalak","status":"publish","type":"post","link":"https:\/\/profeel.bzh\/wordpress\/rencontre-en-terre-inconnue-michalak\/","title":{"rendered":"Rencontre en terre inconnue michalak"},"content":{"rendered":"<p>Nov 1, 2011 Fr\u00e9d\u00e9ric Michalak, boulevers\u00e9 par son voyage en Terre Inconnue. A suivi le pr\u00e9sentateur Fr\u00e9d\u00e9ric Lopez \u00e0 la rencontre des Lolos noirs Fr\u00e9d\u00e9ric Michalak est partie \u00e0 Lao Cai, r\u00e9gion montagnarde du Nord du Vietnam. G\u00e9rard Jugnot chez les Chipayas Voyage En Terre Inconnue, Rendez Vous Fr\u00e9d\u00e9ric Michalak chez les Lolo noirs-Rendez-vous en terre inconnue: Cest plus dur d\u00eatre Lolo noir que de faire une coupe du monde de rugby <img decoding=\"async\" src=\"https:\/\/www.picclickimg.com\/d\/l400\/pict\/265122726755_\/DVD-rendez-vous-en-terre-inconnue-film-documentaire.jpg\" alt=\"rencontre en terre inconnue michalak\" align=\"left\"> Nov 1, 2011 Nous suivrons le rubgyman Frederic Michalak qui va d\u00e9couvrir les Lolo noirs. D\u00e9couvrez-en plus sur Purefans News by Adobuzz. Fr\u00e9d\u00e9ric Michalak a Sep 19, 2011. Priv\u00e9e de la prochaine \u00e9mission de Rendez Vous en Terre Inconnue. La rencontre du rugbyman Fr\u00e9d\u00e9ric Michalak avec la tribu des Lolo Sep 14, 2010 Fr\u00e9d\u00e9ric Michalak est le nouvel invit\u00e9 de Fr\u00e9d\u00e9ric Lopez pour participer \u00e0 l\u00e9mission de France 2 Rendez-vous en terre inconnue. Oct 23, 2013 Rendez-vous en terre inconnue-Fr\u00e9d\u00e9ric Michalak Sylvie Testud Gilbert. Fr\u00e9d\u00e9ric Lopez \u00e0 lEst du Tchad, \u00e0 la rencontre des Gorane Fr\u00e9d\u00e9ric Michalak: Chez les Lolo noirs au Vietnam. Voir aussi Rendez-vous en Terre inconnue Fr\u00e9d\u00e9ric Michalak acteur s Paru le 14 novembre 2011 Jun 21, 2020 Rendez vous en terre inconnue-Achat Vente pas cher Mardi 9 juin, les t\u00e9l\u00e9spectateurs de France 2 ont rendez-vous en terre connue Nov 1, 2011 Le rugbyman se rend en Terre Inconnue chez les Lolos noirs, au Vietnam, avec Fr\u00e9d\u00e9ric Lopez Il y a un an, Fr\u00e9d\u00e9ric Michalak est parti en Nov 1, 2011 Cette fois, cest Fr\u00e9d\u00e9ric Michalak qui part \u00e0 la rencontre dune petite tribu \u00e0 lextr\u00eame nord du Vietnam, lethnie des Lolo noirs Les meilleures offres pour Coffret 4 DVD Rendez-vous en terre inconnue G\u00e9rard Jugnot, Fr\u00e9d\u00e9ric Michalak. Sont sur eBay Comparez les prix et les Rendez-vous en terre inconnue Fr\u00e9d\u00e9ric Michalak chez les Lolos noirs Disponible en VOD sur pluzzvad Francetv. Fr: https: ift. Tt2BtA2AG Disponible en DVD Nov 2, 2011 Fr\u00e9d\u00e9ric Michalak dans Rendez-Vous en terre inconnue. Quelques semaines apr\u00e8s la Coupe du monde, le joueur de rugby Fr\u00e9d\u00e9ric Michalak \u00e9tait Oct 12, 2011 Rendez-vous le 1er novembre prochain pour un nouveau num\u00e9ro de Rendez-vous en terre inconnue sur France 2 dans lequel Fr\u00e9d\u00e9ric Lopez <img decoding=\"async\" src=\"https:\/\/resize-elle.ladmedia.fr\/rcrop\/796,1024\/img\/var\/plain_site\/storage\/images\/loisirs\/sorties\/news\/tv-ce-soir-sylvie-testud-a-rendez-vous-en-terre-inconnue-2213908\/23207934-1-fre-FR\/TV-ce-soir-Sylvie-Testud-a-Rendez-vous-en-terre-inconnue.jpg\" alt=\"rencontre en terre inconnue michalak\" align=\"center\"> Sep 13, 2014 Il y a un an, Fr\u00e9d\u00e9ric Michalak a accept\u00e9 un Rendez-vous en Terre inconnue avec lanimateur Fr\u00e9d\u00e9ric Lopez <img decoding=\"async\" src=\"https:\/\/static1.purepeople.com\/articles\/4\/90\/38\/4\/@\/732814-frederic-michalak-a-ete-demande-en-950x0-4.jpg\" alt=\"rencontre en terre inconnue michalak\" align=\"left\"> Rendez-vous en terre inconnue: Fr\u00e9d\u00e9ric michalak chez les lolo de Fr\u00e9d\u00e9ric Michalak DVD doccasion EAN: 8717418332013 Livraison gratuite Nov 2, 2011 Fr\u00e9d\u00e9ric Michalak chez les Lolo noirs. R\u00e9alis\u00e9 par Christian Gaume. Pour cet \u00e9pisode, le rugbyman a accept\u00e9 dembarquer, les yeux band\u00e9s, vers Revoir la vid\u00e9o en replay Rendez-vous en terre inconnue Avec Fr\u00e9d\u00e9ric Michalak chez les Lolo noirs sur France 2, \u00e9mission du. Lint\u00e9grale du programme sur Les employeurs territoriaux recrutent. Je recherche des offres Je recherche par d\u00e9partements Offres demploi en cours Mon espace demandeur Questions .<\/p>\n","protected":false},"excerpt":{"rendered":"<p>Nov 1, 2011 Fr\u00e9d\u00e9ric Michalak, boulevers\u00e9 par son voyage en Terre Inconnue. A suivi le pr\u00e9sentateur Fr\u00e9d\u00e9ric Lopez \u00e0 la rencontre des Lolos noirs Fr\u00e9d\u00e9ric Michalak est partie \u00e0 Lao Cai, r\u00e9gion montagnarde du Nord du Vietnam. G\u00e9rard Jugnot chez les Chipayas Voyage En Terre Inconnue, Rendez Vous Fr\u00e9d\u00e9ric Michalak chez les Lolo noirs-Rendez-vous en [&hellip;]<\/p>\n","protected":false},"author":1,"featured_media":0,"comment_status":"closed","ping_status":"closed","sticky":false,"template":"","format":"standard","meta":{"footnotes":""},"categories":[],"tags":[],"class_list":["post-9780","post","type-post","status-publish","format-standard","hentry"],"_links":{"self":[{"href":"https:\/\/profeel.bzh\/wordpress\/wp-json\/wp\/v2\/posts\/9780","targetHints":{"allow":["GET"]}}],"collection":[{"href":"https:\/\/profeel.bzh\/wordpress\/wp-json\/wp\/v2\/posts"}],"about":[{"href":"https:\/\/profeel.bzh\/wordpress\/wp-json\/wp\/v2\/types\/post"}],"author":[{"embeddable":true,"href":"https:\/\/profeel.bzh\/wordpress\/wp-json\/wp\/v2\/users\/1"}],"replies":[{"embeddable":true,"href":"https:\/\/profeel.bzh\/wordpress\/wp-json\/wp\/v2\/comments?post=9780"}],"version-history":[{"count":0,"href":"https:\/\/profeel.bzh\/wordpress\/wp-json\/wp\/v2\/posts\/9780\/revisions"}],"wp:attachment":[{"href":"https:\/\/profeel.bzh\/wordpress\/wp-json\/wp\/v2\/media?parent=9780"}],"wp:term":[{"taxonomy":"category","embeddable":true,"href":"https:\/\/profeel.bzh\/wordpress\/wp-json\/wp\/v2\/categories?post=9780"},{"taxonomy":"post_tag","embeddable":true,"href":"https:\/\/profeel.bzh\/wordpress\/wp-json\/wp\/v2\/tags?post=9780"}],"curies":[{"name":"wp","href":"https:\/\/api.w.org\/{rel}","templated":true}]}}