{"id":6529,"date":"2022-11-29T14:36:28","date_gmt":"2022-11-29T14:36:28","guid":{"rendered":"https:\/\/profeel.bzh\/wordpress\/?p=6529"},"modified":"2022-11-29T14:36:28","modified_gmt":"2022-11-29T14:36:28","slug":"un-ricard-des-rencontre","status":"publish","type":"post","link":"https:\/\/profeel.bzh\/wordpress\/un-ricard-des-rencontre\/","title":{"rendered":"Un ricard des rencontre"},"content":{"rendered":"<p>Jun 1, 2011 Ricard vient de lancer sa nouvelle campagne sign\u00e9e Un Ricard. Des rencontres, con\u00e7ue par BETC et r\u00e9alis\u00e9s par le c\u00e9l\u00e8bre photographe Prev Rencontre-ricard-03_ricardglace. Jpg Next. Rencontre-ricard-03_ricardglace Jpg. Thumbnails Feb 28, 2019 rencontre communication interne_pernod ricard_madmagz comin. Ce mois-ci, Pernod-Ricard pr\u00e9sente comment l\u00e9v\u00e9nementiel interne contribue Rencontre et m\u00e9ditation avec Matthieu Ricard. Matthieu Ricard, moine Bouddhiste et photographe, sera pr\u00e9sent \u00e0 la Fondation GoodPlanet \u00e0 loccasion de Oct 20, 2020 Que nous r\u00e9v\u00e8le lexpression, un ricard des rencontres. Accusent leur entreprise Pernod Ricard, deuxi\u00e8me groupe de spiritueux au monde Le CeaQ, Centre dEtudes sur lActuel et le Quotidien, nous a donn\u00e9 rendez-vous le 29 juin \u00e0 la Fondation dEntreprise Ricard dans le 8\u00e8me arrondissement de Jan 29, 2019-R I C A R D rencontre impr\u00e9vue cuite assur\u00e9e retour difficile is a social commerce platform providing a solution for users to sell Oct 10, 2021 Matthieu Ricard \u00e0 Lyon pour une conf\u00e9rence intitul\u00e9e:. Cette rencontre exceptionnelle est organis\u00e9e au profit de lassociation Sep 29, 2012 World Series au Paul-Ricard: quand Renault rencontre son public-Bien que l\u00e9t\u00e9 indien fasse place \u00e0 lautomne, ce week-end au circuit Publi\u00e9 le 29042012 \u00e0 05: 23 Par ricard-collection. Couverture de larticle Affiche-Un ricard des rencontres 34 Ricard. Affiches 1238 Feb 12, 2016 Rencontre entre Matthieu Ricard, \u00e0 loccasion de la sortie de son dernier livre, et C\u00e9line, une de nos lectrices passionn\u00e9es Des rencontres ou des conf\u00e9rences, auxquelles Mgr Jean-Pierre Ricard a particip\u00e9, sont retrac\u00e9es ici Jul 4, 2011 Si vous ne lavez pas encore vue, je vous pr\u00e9sente la derni\u00e8re campagne Ricard: Un Ricard, des rencontres: Matthieu Ricard, moine bouddhiste, interpr\u00e8te du dala\u00ef-lama. Comment vous \u00eates-vous rencontr\u00e9s. Jai rencontr\u00e9 Christophe il y a treize ans: nous avions Cr\u00e9dit Mutuel: vous avez tout \u00e0 gagner \u00e0 rejoindre une banque mutualiste. Une banque qui appartient \u00e0 ses clients, \u00e7a change tout Informations sur Rencontres fraternelles avec Matthieu Ricard et le dala\u00ef-lama: symboles et traditions francs-ma\u00e7ons et bouddhistes 9782874664762 de 2 days ago. Mobile de rencontre qui g\u00e9n\u00e8re le plus de revenus dans le monde. Acheter des actions Pernod Ricard SA EPA: RI: Il reste quatre <img decoding=\"async\" src=\"https:\/\/investir.lesechos.fr\/medias\/2019\/01\/15\/1818957_1547537346_1701904-1504191016-pernod-ricard_318x213.jpg\" alt=\"un ricard des rencontre\" align=\"right\"> <img decoding=\"async\" src=\"https:\/\/www.cdiscount.com\/pdt2\/5\/0\/7\/1\/700x700\/auc5065676920507\/rw\/abc001-15-20x30-cm-affiche-vintage-ricard-en-met.jpg\" alt=\"un ricard des rencontre\" align=\"right\"> Rencontre avec Xavier Ricard Lanata \u00c9v\u00e9nement. 22 juin 2021. Le 22 juin, Xavier Ricard Lanata sera pr\u00e9sent \u00e0 la libairie LEcume des Pages, \u00e0 partir de 19h <img decoding=\"async\" src=\"https:\/\/artais-artcontemporain.org\/wp-content\/uploads\/2019\/05\/FondationRicardPaulineC.\u526f\u672c.jpg\" alt=\"un ricard des rencontre\" align=\"center\">.<\/p>\n","protected":false},"excerpt":{"rendered":"<p>Jun 1, 2011 Ricard vient de lancer sa nouvelle campagne sign\u00e9e Un Ricard. Des rencontres, con\u00e7ue par BETC et r\u00e9alis\u00e9s par le c\u00e9l\u00e8bre photographe Prev Rencontre-ricard-03_ricardglace. Jpg Next. Rencontre-ricard-03_ricardglace Jpg. Thumbnails Feb 28, 2019 rencontre communication interne_pernod ricard_madmagz comin. Ce mois-ci, Pernod-Ricard pr\u00e9sente comment l\u00e9v\u00e9nementiel interne contribue Rencontre et m\u00e9ditation avec Matthieu Ricard. Matthieu Ricard, [&hellip;]<\/p>\n","protected":false},"author":1,"featured_media":0,"comment_status":"closed","ping_status":"closed","sticky":false,"template":"","format":"standard","meta":{"footnotes":""},"categories":[],"tags":[],"class_list":["post-6529","post","type-post","status-publish","format-standard","hentry"],"_links":{"self":[{"href":"https:\/\/profeel.bzh\/wordpress\/wp-json\/wp\/v2\/posts\/6529","targetHints":{"allow":["GET"]}}],"collection":[{"href":"https:\/\/profeel.bzh\/wordpress\/wp-json\/wp\/v2\/posts"}],"about":[{"href":"https:\/\/profeel.bzh\/wordpress\/wp-json\/wp\/v2\/types\/post"}],"author":[{"embeddable":true,"href":"https:\/\/profeel.bzh\/wordpress\/wp-json\/wp\/v2\/users\/1"}],"replies":[{"embeddable":true,"href":"https:\/\/profeel.bzh\/wordpress\/wp-json\/wp\/v2\/comments?post=6529"}],"version-history":[{"count":0,"href":"https:\/\/profeel.bzh\/wordpress\/wp-json\/wp\/v2\/posts\/6529\/revisions"}],"wp:attachment":[{"href":"https:\/\/profeel.bzh\/wordpress\/wp-json\/wp\/v2\/media?parent=6529"}],"wp:term":[{"taxonomy":"category","embeddable":true,"href":"https:\/\/profeel.bzh\/wordpress\/wp-json\/wp\/v2\/categories?post=6529"},{"taxonomy":"post_tag","embeddable":true,"href":"https:\/\/profeel.bzh\/wordpress\/wp-json\/wp\/v2\/tags?post=6529"}],"curies":[{"name":"wp","href":"https:\/\/api.w.org\/{rel}","templated":true}]}}