{"id":6119,"date":"2022-11-29T14:00:55","date_gmt":"2022-11-29T14:00:55","guid":{"rendered":"https:\/\/profeel.bzh\/wordpress\/?p=6119"},"modified":"2022-11-29T14:00:55","modified_gmt":"2022-11-29T14:00:55","slug":"rencontres-urbaines","status":"publish","type":"post","link":"https:\/\/profeel.bzh\/wordpress\/rencontres-urbaines\/","title":{"rendered":"Rencontres urbaines"},"content":{"rendered":"<p>Rencontres. S\u00e9parateur ligne noire crayon. Soucieuse de la diversit\u00e9 des \u00e9v\u00e9nements consacr\u00e9s \u00e0 lart urbain sur le territoire fran\u00e7ais et \u00e0 l\u00e9tranger <img decoding=\"async\" src=\"https:\/\/cdn-s-www.lejsl.com\/images\/7077A472-5770-4A6C-8FA0-71833EFE2A0C\/NW_raw\/l-inauguration-s-est-deroulee-vendredi-soir-en-presence-de-gilles-platret-maire-de-chalon-sur-saone-et-jean-michel-morandiere-adjoint-en-charge-de-la-jeunesse-et-de-la-vie-des-quartiers-photo-jsl-catherine-cannard-1632640410.jpg\" alt=\"rencontres urbaines\" align=\"center\"> <img decoding=\"async\" src=\"https:\/\/cdn-s-www.bienpublic.com\/images\/9AD2E70B-EF2B-4B52-89DD-E7AC823C6966\/NW_raw\/battle-de-danse-hip-hop-pour-les-rencontres-urbaines-photo-emmnauel-clemence-photo-emmanuel-clemence-battle-de-danse-hip-hop-pour-les-rencontres-urbaines-photo-emmnauel-clemence-emmanuel-clemence-1572338705.jpg\" alt=\"rencontres urbaines\" align=\"left\"> Sep 24, 2020 Les 9 et 10 octobre se tiendront les 5\u00e8me rencontres des Alternatives Urbaines Ce que nous comptons et ce qui compte pour nous organis\u00e9 Jan 7, 2021 Rencontres dAverro\u00e8s cover. About Rencontres dAverro\u00e8s. Un podcast pour entendre la 27e \u00e9dition autrement. Notre th\u00e9matique Cit\u00e9s \u00e0 la Les rencontres de la logistique urbaine 3\u00e8me rencontre. La COMUE Universit\u00e9 de Lyon et le Laboratoire Am\u00e9nagement \u00c9conomie Transports LAET vous proposent LES RENCONTRES en ligne DU RECYCLAGE URBAIN. LAGAM ET LE CEREMA organisent un cycle de webinaires sur le recyclage urbain. Le Centre d\u00e9tudes et <img decoding=\"async\" src=\"https:\/\/www.ville-parmain.fr\/sites\/parmain\/files\/image\/evenement\/ru_block_party_ok2019.jpg\" alt=\"rencontres urbaines\" align=\"right\"> Nov 15, 2021. De lESS des tiers-lieux inclusifs du 94-Expo Rencontres urbaines-Lundi 15 novembre 2021 Lundi 22 novembre 2021 \u00e0 Altermarch\u00e9 Apr 13, 2016 Si vos personnages se prom\u00e8nent en ville, tirez au D12 sur la premi\u00e8re table pour obtenir une rencontre urbaine, et si vos personnages 9 hours ago Des balades urbaines suivies dun atelier, pour sinspirer, \u00e9changer, et d\u00e9couvrir des projets r\u00e9alis\u00e9s gr\u00e2ce au Budget participatif: 3 days ago Ukraine, Moldavie, G\u00e9orgie LUE rencontre ses partenaires orientaux sous pression russe. Par CNEWS avec AFP. Mis \u00e0 jour le 7 hours ago L\u00e9gendes urbaines-Gilles de Maistre, itin\u00e9raire dun humaniste. Le Loup et le lion: la rencontre de deux pr\u00e9dateurs mythiques du 3 days ago Outre les nuisances sonores, ces rod\u00e9os urbains mettent en danger les pi\u00e9tons, cyclistes et automobilistes qui circulent 8 days ago Programme 6\u00e8mes Rencontres du r\u00e9seau EUNA Etudes Urbaines Nord-Am\u00e9ricaines jeudi 9 et vendredi 10 d\u00e9c 2021 Universit\u00e9 Paris Nanterre D\u00c9FIL\u00c9 FLASH MOB BATTLE NATIONAL CONTACT RDU. 25 SEPT-9 OCT. BIENNALE DE DANSE HIP HOP 22 \u00e8me \u00c9DITION DES RENCONTRES DE DANSES URBAINES 1 day ago La premi\u00e8re ferme urbaine verticale de France est n\u00e9e en. Pour les scolaires et un point de rencontres pour les habitants du quartier qui Domain agence-de-rencontres-urbaines. Fr est redirig\u00e9 vers www Scopic. Eu. Emplacement GEO du site. Pays de localisation-Germany.<\/p>\n","protected":false},"excerpt":{"rendered":"<p>Rencontres. S\u00e9parateur ligne noire crayon. Soucieuse de la diversit\u00e9 des \u00e9v\u00e9nements consacr\u00e9s \u00e0 lart urbain sur le territoire fran\u00e7ais et \u00e0 l\u00e9tranger Sep 24, 2020 Les 9 et 10 octobre se tiendront les 5\u00e8me rencontres des Alternatives Urbaines Ce que nous comptons et ce qui compte pour nous organis\u00e9 Jan 7, 2021 Rencontres dAverro\u00e8s cover. [&hellip;]<\/p>\n","protected":false},"author":1,"featured_media":0,"comment_status":"closed","ping_status":"closed","sticky":false,"template":"","format":"standard","meta":{"footnotes":""},"categories":[],"tags":[],"class_list":["post-6119","post","type-post","status-publish","format-standard","hentry"],"_links":{"self":[{"href":"https:\/\/profeel.bzh\/wordpress\/wp-json\/wp\/v2\/posts\/6119","targetHints":{"allow":["GET"]}}],"collection":[{"href":"https:\/\/profeel.bzh\/wordpress\/wp-json\/wp\/v2\/posts"}],"about":[{"href":"https:\/\/profeel.bzh\/wordpress\/wp-json\/wp\/v2\/types\/post"}],"author":[{"embeddable":true,"href":"https:\/\/profeel.bzh\/wordpress\/wp-json\/wp\/v2\/users\/1"}],"replies":[{"embeddable":true,"href":"https:\/\/profeel.bzh\/wordpress\/wp-json\/wp\/v2\/comments?post=6119"}],"version-history":[{"count":0,"href":"https:\/\/profeel.bzh\/wordpress\/wp-json\/wp\/v2\/posts\/6119\/revisions"}],"wp:attachment":[{"href":"https:\/\/profeel.bzh\/wordpress\/wp-json\/wp\/v2\/media?parent=6119"}],"wp:term":[{"taxonomy":"category","embeddable":true,"href":"https:\/\/profeel.bzh\/wordpress\/wp-json\/wp\/v2\/categories?post=6119"},{"taxonomy":"post_tag","embeddable":true,"href":"https:\/\/profeel.bzh\/wordpress\/wp-json\/wp\/v2\/tags?post=6119"}],"curies":[{"name":"wp","href":"https:\/\/api.w.org\/{rel}","templated":true}]}}