{"id":5661,"date":"2022-11-29T13:25:52","date_gmt":"2022-11-29T13:25:52","guid":{"rendered":"https:\/\/profeel.bzh\/wordpress\/?p=5661"},"modified":"2022-11-29T13:25:52","modified_gmt":"2022-11-29T13:25:52","slug":"german-rencontre","status":"publish","type":"post","link":"https:\/\/profeel.bzh\/wordpress\/german-rencontre\/","title":{"rendered":"German rencontre"},"content":{"rendered":"<p>3 days ago Le pr\u00e9sident fran\u00e7ais va rencontrer le colonel Assimi Go\u00efta, pr\u00e9sident de la transition malienne. Cest la premi\u00e8re fois que les deux chefs Apr 16, 2021 Le mercredi 28 avril, de 17H30 \u00e0 18H30. Venez \u00e9couter St\u00e9phane RODES, Head of Business Development chez BNP Paribas Germany, qui partagera Mar 21, 2014 Le Secr\u00e9taire G\u00e9n\u00e9ral Jagland rencontre le ministre allemand des Affaires \u00e9trang\u00e8res Steinmeier. Germany and the Council of Europe Rencontre Germany. Femme Germany Homme Germany Rencontre senior Germany Leuz, 33 ans Germany, Maroc Digne. Jaime les sucreries La perte que les Turcs firenten cette rencontre oeit pas cxprimable, lon ne s\u00e7auroit dire combien de richesses tomberent att pouvoir des Imperiaux Portraits-Paysage des communes h\u00f4tes des Journ\u00e9es-Rencontres Th\u00e8mes abord\u00e9s T\u00e9moignages, rencontres, partages dexp\u00e9rience. Relais th\u00e9matiques 1 day ago Ce camion dophtalmologie va \u00e0 la rencontre de la population priv\u00e9e de m\u00e9decins Source link: https: www Youtube. Comwatch. VA28zO3iUiTw Jan 7, 2022 En savoir plus sur Spectacle de Julien Bouri\u00e8res et Camille German \u00e0 Lyon 1er Arrondissement: toutes les informations et dates avec Le Organiser une rencontre scientifique: kit \u00e9v\u00e8nementiel pour jeunes chercheur E. S. Dernier num\u00e9ro en ligne. 14 2021 Queering German Studies Femme cherche homme de la ville German sur Jecontacte, un site de rencontre enti\u00e8rement gratuite dans la ville German pour chercher des femmes ou des 2 days ago La comp\u00e9tition s\u00e9tend sur dix jours avec pour apog\u00e9e, la rencontre pour la m\u00e9daille dor le 5 janvier 2022. Ev\u00e8nement indissociable des f\u00eates <img decoding=\"async\" src=\"https:\/\/www.leparisien.fr\/resizer\/D13mAvnGPnN48FXie-N6Z2X50E0=\/932x582\/arc-anglerfish-eu-central-1-prod-leparisien.s3.amazonaws.com\/public\/C3TXGMIDYXISCAAQ4TEA6XRU64.jpg\" alt=\"german rencontre\" align=\"left\"> <img decoding=\"async\" src=\"https:\/\/www.radiocampusparis.org\/wp-content\/uploads\/2021\/07\/Capture-d\u2019e\u0301cran-2021-07-21-a\u0300-11.03.46.png\" alt=\"german rencontre\" align=\"center\"> Trouver lhomme ou la femme de vos r\u00eaves parmi les nombreuses petites annonces de rencontres gratuites en Allemagne Nov 9, 2021 Binic-\u00c9tables-sur-Mer. Des rencontres mensuelles au cercle franco-germanIc C\u00e9libataire German; RajDouillet99, 20 ans. Coopertown, FL-Florida Il faut vivre linstant pr\u00e9sent. Homme c\u00e9libataire de 20 ans cherche femme pour rencontre Jan 24, 2021 Avec Henri German, nous nous connaissons depuis quelques ann\u00e9es \u00e0 pr\u00e9sent, par le truchement dune amie commune <img decoding=\"async\" src=\"https:\/\/c8.alamy.com\/comp\/JGP7BY\/visitors-at-the-exhibition-by-german-photographer-michael-wolf-at-JGP7BY.jpg\" alt=\"german rencontre\" align=\"left\"> \u00c0 la une \u00c0 la rencontre du monde VOYAGE ENVIRONNEMENT HISTOIRE AVENTURE Sep 10, 2020 Love You Germany, ce jeudi 24 septembre, une soir\u00e9e-rencontre avec Emmanuel Henninger. De Mulhouse \u00e0 Leipzig, en passant par Hambach Les-rencontres-darles-workshops. ACCUEIL NOUVELLES S\u00c9RIES GALERIE. SIN TITULO German Jauregui. S\u00e9rie r\u00e9alis\u00e9e lors du stage de Paulo Nozolino 2019 Achetez et t\u00e9l\u00e9chargez ebook Depuis notre derni\u00e8re rencontre: E-Book Je lis et j\u00e9coute F\u00fcr die Sekundarstufe 1 German Edition: Boutique Kindle LUFA soutient la mobilit\u00e9 et les rencontres de jeunes chercheurs de France et dAllemagne. Retrouvez les appels doffres des diff\u00e9rents programmes de soutien Oct 6, 2021 Ce mercredi 6 octobre 2021, le secr\u00e9taire g\u00e9n\u00e9ral de lOTAN, Jens Stoltenberg, a particip\u00e9 en ligne \u00e0 une rencontre de haut niveau.<\/p>\n","protected":false},"excerpt":{"rendered":"<p>3 days ago Le pr\u00e9sident fran\u00e7ais va rencontrer le colonel Assimi Go\u00efta, pr\u00e9sident de la transition malienne. Cest la premi\u00e8re fois que les deux chefs Apr 16, 2021 Le mercredi 28 avril, de 17H30 \u00e0 18H30. Venez \u00e9couter St\u00e9phane RODES, Head of Business Development chez BNP Paribas Germany, qui partagera Mar 21, 2014 Le Secr\u00e9taire [&hellip;]<\/p>\n","protected":false},"author":1,"featured_media":0,"comment_status":"closed","ping_status":"closed","sticky":false,"template":"","format":"standard","meta":{"footnotes":""},"categories":[],"tags":[],"class_list":["post-5661","post","type-post","status-publish","format-standard","hentry"],"_links":{"self":[{"href":"https:\/\/profeel.bzh\/wordpress\/wp-json\/wp\/v2\/posts\/5661","targetHints":{"allow":["GET"]}}],"collection":[{"href":"https:\/\/profeel.bzh\/wordpress\/wp-json\/wp\/v2\/posts"}],"about":[{"href":"https:\/\/profeel.bzh\/wordpress\/wp-json\/wp\/v2\/types\/post"}],"author":[{"embeddable":true,"href":"https:\/\/profeel.bzh\/wordpress\/wp-json\/wp\/v2\/users\/1"}],"replies":[{"embeddable":true,"href":"https:\/\/profeel.bzh\/wordpress\/wp-json\/wp\/v2\/comments?post=5661"}],"version-history":[{"count":0,"href":"https:\/\/profeel.bzh\/wordpress\/wp-json\/wp\/v2\/posts\/5661\/revisions"}],"wp:attachment":[{"href":"https:\/\/profeel.bzh\/wordpress\/wp-json\/wp\/v2\/media?parent=5661"}],"wp:term":[{"taxonomy":"category","embeddable":true,"href":"https:\/\/profeel.bzh\/wordpress\/wp-json\/wp\/v2\/categories?post=5661"},{"taxonomy":"post_tag","embeddable":true,"href":"https:\/\/profeel.bzh\/wordpress\/wp-json\/wp\/v2\/tags?post=5661"}],"curies":[{"name":"wp","href":"https:\/\/api.w.org\/{rel}","templated":true}]}}