{"id":5659,"date":"2022-11-29T13:25:47","date_gmt":"2022-11-29T13:25:47","guid":{"rendered":"https:\/\/profeel.bzh\/wordpress\/?p=5659"},"modified":"2022-11-29T13:25:47","modified_gmt":"2022-11-29T13:25:47","slug":"rencontre-avec-salvador-dali","status":"publish","type":"post","link":"https:\/\/profeel.bzh\/wordpress\/rencontre-avec-salvador-dali\/","title":{"rendered":"Rencontre avec salvador dali"},"content":{"rendered":"<p>Ce que le psychanalyste doit au peintre, Dali-Lacan, La rencontre, Jos\u00e9 Ferreira, Lharmattan. Des milliers de livres avec la livraison chez vous en 1 jour Dec 16, 2017 Rencontre avec Catherine Millet, loccasion de la parution de Dal et moi 2005 Peut-on considrer que les crits de Dali constituent la cl Sep 21, 2020 Salvador Dal\u00ed; conversations avec Alain Bosquet, publi\u00e9 dans le premier num\u00e9ro du au service de la r\u00e9volution, juillet 1930. Salvador dali By S Dali Dali lutte contre les tendances sadiques et masochistes qui risquent de le perdre. Il fait la rencontre de Gala, la femme de Paul Eluard. Cest le coup de Dec 30, 2012 Les toiles de cette \u00e9poque sont marqu\u00e9es par lonanisme du peintre, qui affirmait \u00eatre rest\u00e9 vierge avant sa rencontre avec Gala. Dal\u00ed a Tournage Autoportrait mou Descripteurs: Th\u00e9saurus, Mer, Enfant, Espagne, Londres, Ski, Salvador Dali, Artiste peintre <img decoding=\"async\" src=\"https:\/\/www.artmajeur.com\/medias\/standard\/t\/l\/tlaugier-seo\/blog\/375px-salvador-dali-nywts.jpg\" alt=\"rencontre avec salvador dali\" align=\"left\"> Nov 24, 2014 Lartiste contemporain am\u00e9ricain Jeff Koons est linvit\u00e9 de Thomas Sotto \u00e0 loccasion de. Jeff Koons: ma rencontre avec Salvador Dal\u00ed Le Studio Sabralon pr\u00e9sente Salvador Dal\u00ed, Jean Clemmer, Une rencontre, Une \u0153uvre organis\u00e9e en collaboration avec les archives Jean Clemmer, dirig\u00e9es par Nov 18, 2012 Lacad\u00e9micien a rencontr\u00e9 Salvador Dali pour la premi\u00e8re fois en. Puisque Salvador aimait les arts et peindre, il irait apprendre non pas Jul 14, 2021 Selznick. Hitchcock est enchant\u00e9 et a de nombreuses rencontres \u00e0 Los Angeles avec Salvador qui propose plusieurs esquisses. Le cin\u00e9aste veut Oct 15, 2020 Salvador Dali fait sans aucun doute partie des artistes les plus excentriques du pass\u00e9. Il est bien connu pour ses toiles marquantes et Oct 14, 2016 Ce village tr\u00e8s touristique est connu pour ses maisons blanches et son Eglise Santa Maria, mais surtout parce quil a accueilli lun des <img decoding=\"async\" src=\"https:\/\/i.ytimg.com\/vi\/mEp6lVrVHDM\/maxresdefault.jpg\" alt=\"rencontre avec salvador dali\" align=\"right\"> N\u00e9 \u00e0 Figueras, Salvador Dal\u00ed apprend les techniques acad\u00e9miques \u00e0 l\u00e9cole des Beaux-Arts de Madrid, et rencontre Luis Bu\u00f1uel et Federico Garc\u00eda Lorca Connu aussi et surtout pour ses excentricit\u00e9s, il savait faire parler de lui et de son art dans le monde entier, prenant ainsi le risque parfois de mettre celui Sep 13, 2019 Salvador Dali, le surr\u00e9alisme, le r\u00eave et Sigmund Freud. Cest en 1929 quil rencontre Andr\u00e9 Breton, th\u00e9oricien du surr\u00e9alisme Salvador Dali est n\u00e9 le 11 mai 1904 en Catalogne et grandit entre Cadaqu\u00e8s et Figueras. Il entre aux beaux-arts de Madrid et se passionne pour le futurisme <img decoding=\"async\" src=\"https:\/\/dmdlnu87i51n1.cloudfront.net\/v1\/fr\/ckz3y473r001a3862m91ghxhl\/0x0:488x536\/undefinedxundefined\/dali_portrait_de_freud_bd.jpg\" alt=\"rencontre avec salvador dali\" align=\"right\"> Salvador Dal\u00ed, n\u00e9 le 11 mai 1904, mort le 23 janvier 1989, est un peintre. En 1928, il rencontre Picasso et Breton et se joignit au groupe surr\u00e9aliste Fulgurante la rencontre de Salvator Dali et Gala qui deviendra sa femme pendant quarante-cinq ans. Mathilde Aurier recr\u00e9e ce coup de foudre avec Nov 27, 2018 Cette semaine elle joue les guides dans la ville de Salvador Dal\u00ed, le chantre du surr\u00e9alisme. Perpignan et sa gare sont \u00e9galement marqu\u00e9s Sep 18, 2020 Le temps est d\u00e9crit comme une s\u00e9rie de montres qui fondent dans ce tableau pittoresque et copi\u00e9 de nombreuses fois Sep 9, 2018 Acheter Casquette Vincent van Gogh rencontre Salvador Dali 1 cr\u00e9\u00e9 par TonyRubino. Personnalisez-le avec des photos et du texte ou achetez-le.<\/p>\n","protected":false},"excerpt":{"rendered":"<p>Ce que le psychanalyste doit au peintre, Dali-Lacan, La rencontre, Jos\u00e9 Ferreira, Lharmattan. Des milliers de livres avec la livraison chez vous en 1 jour Dec 16, 2017 Rencontre avec Catherine Millet, loccasion de la parution de Dal et moi 2005 Peut-on considrer que les crits de Dali constituent la cl Sep 21, 2020 Salvador [&hellip;]<\/p>\n","protected":false},"author":1,"featured_media":0,"comment_status":"closed","ping_status":"closed","sticky":false,"template":"","format":"standard","meta":{"footnotes":""},"categories":[],"tags":[],"class_list":["post-5659","post","type-post","status-publish","format-standard","hentry"],"_links":{"self":[{"href":"https:\/\/profeel.bzh\/wordpress\/wp-json\/wp\/v2\/posts\/5659","targetHints":{"allow":["GET"]}}],"collection":[{"href":"https:\/\/profeel.bzh\/wordpress\/wp-json\/wp\/v2\/posts"}],"about":[{"href":"https:\/\/profeel.bzh\/wordpress\/wp-json\/wp\/v2\/types\/post"}],"author":[{"embeddable":true,"href":"https:\/\/profeel.bzh\/wordpress\/wp-json\/wp\/v2\/users\/1"}],"replies":[{"embeddable":true,"href":"https:\/\/profeel.bzh\/wordpress\/wp-json\/wp\/v2\/comments?post=5659"}],"version-history":[{"count":0,"href":"https:\/\/profeel.bzh\/wordpress\/wp-json\/wp\/v2\/posts\/5659\/revisions"}],"wp:attachment":[{"href":"https:\/\/profeel.bzh\/wordpress\/wp-json\/wp\/v2\/media?parent=5659"}],"wp:term":[{"taxonomy":"category","embeddable":true,"href":"https:\/\/profeel.bzh\/wordpress\/wp-json\/wp\/v2\/categories?post=5659"},{"taxonomy":"post_tag","embeddable":true,"href":"https:\/\/profeel.bzh\/wordpress\/wp-json\/wp\/v2\/tags?post=5659"}],"curies":[{"name":"wp","href":"https:\/\/api.w.org\/{rel}","templated":true}]}}