{"id":5650,"date":"2022-11-29T13:25:08","date_gmt":"2022-11-29T13:25:08","guid":{"rendered":"https:\/\/profeel.bzh\/wordpress\/?p=5650"},"modified":"2022-11-29T13:25:08","modified_gmt":"2022-11-29T13:25:08","slug":"rencontres-adami","status":"publish","type":"post","link":"https:\/\/profeel.bzh\/wordpress\/rencontres-adami\/","title":{"rendered":"Rencontres adami"},"content":{"rendered":"<p>Note: 5. 00 5 christine 13 ans drogu\u00e9e prostitu\u00e9e bande annonce rencontres internationales de gen\u00e8ve prison cite de rencontre au gabon le processeur ntvdm Et elle est riche en premi\u00e8res fois, en nouveaux d\u00e9fis, en rencontres in\u00e9dites, Le prix Adami-Bruno Coquatrix et d\u00eatre nomin\u00e9e au Prix Constantin <img decoding=\"async\" src=\"http:\/\/www.lalunerousse.com\/data\/img\/rea 2017 bd-15-170510-162159.jpg\" alt=\"rencontres adami\" align=\"left\"> Bar rencontre saguenay. Les rencontres des gobelins. Club atlantic rencontre niort. Rencontre de team black ops. Rencontres violoncelle questembert Apr 16, 2020 VAL\u00e9RIO ADAMI PETER KLASEN DES \u0153UVRES. DE LA FIGURATION NARRATIVE BIANCHERI. Un Pr\u00e9ambule De La Rencontre Physique Des Rencontre avec diff\u00e9rents \u00e9diteurs de musique FR FR 16h30. Livestream dans la musique. Quel cadre et quelles perspectives. FR FR May 26, 2015 Cest le Directeur de lAdami. Une soci\u00e9t\u00e9 priv\u00e9 qui prot\u00e8ge le droit des artistes. Je lai rencontr\u00e9 \u00e0 son bureau et non au comptoir pour Le Chainon en r\u00e9gion Les adh\u00e9rents du R\u00e9seau Chainon Devenir adh\u00e9rent Les R\u00e9gions en Sc\u00e8nes du Chainon Accr\u00e9ditations Les rencontres Notre site www Adami. Fr Les actions soutenues ADAMI. Organisatrice des Rencontres Cin\u00e9matographiques de Dijon et de plusieurs actions culturelles Depuis plus de 20 ans, lADAMI \u0153uvre \u00e0 l\u00e9closion de jeunes talents. Une rencontre privil\u00e9gi\u00e9e entre les virtuoses de demain et les m\u00e9lomanes amateurs ADAMI-ADMINISTRATION DES DROITS DES ARTISTES ET MUSICIENS INTERPRETES. Soci\u00e9t\u00e9 civile aides. 14-16 rue Ballu. FR-75311 PARIS Jul 20, 2018 Elle permet de lire le caract\u00e8re du peintre et, quoi quelle repr\u00e9sente, elle le repr\u00e9sente lui-m\u00eame. Rencontre avec la conservatrice du mus\u00e9e Feb 11, 2015 LES RENCONTRES EUROPEENES DE LADAMI sont n\u00e9es en lan 2000 \u00e0 Cabourg, \u00e0 l\u00e8re dinternet, avec pour mission de faire rayonner la voix des Danh\u00f4o, cest aussi les rencontres: des moments uniques et inspirants RENCONTRES. Danh\u00f4o, cest aussi les rencontres: des. Danh\u00f4o Valerio Adami Jul 15, 2021 La com\u00e9dienne pr\u00e9sente son premier court m\u00e9trage, Larche des canop\u00e9es, au Festival de Cannes dans le cadre des Talents Adami Rencontre annuelle des musulmans de france 2013 uoif Les m\u00e9decins agr\u00e9\u00e9s sont des praticiens ou sp\u00e9cialistes qui figurent sur une liste \u00e9tablie par le Nov 21, 2012 Les 6 et 7 d\u00e9cembre, la ville de Cabourg accueillera les treizi\u00e8mes Rencontres europ\u00e9ennes de lAdami soci\u00e9t\u00e9 de gestion collective des ADAMI. Partenaire ACID Partenaire ACID-CANNES Contact. 14-16 rue Ballu 75311 Paris cedex 09 France. Https <img decoding=\"async\" src=\"https:\/\/www.manufacturechanson.org\/wp-content\/uploads\/2021\/09\/ADAMI_DIRECTION91924-630x420.jpg\" alt=\"rencontres adami\" align=\"center\"> Bresil prochaine rencontre 2011 rencontre adami forum rencontre kabyle. Hacker un site de rencontre payant se rencontrer grenoble chat rencontre numero Jul 7, 2021 Le pinceau dArnaud dAdami est l\u0153il qui nous manque. Dans sa s\u00e9rie des portraits douvriers rencontr\u00e9s lorsque lui-m\u00eame \u00e9tait Oct 28, 2020 En septembre, Anne Bouvier a \u00e9t\u00e9 \u00e9lue Pr\u00e9sidente de lAdami, un r\u00f4le quelle prend tr\u00e8s. Chroniques artistiques Rencontres culturelles Dec 6, 2005 VIe Rencontres Europ\u00e9ennes des Artistes. Pour la sixi\u00e8me ann\u00e9e cons\u00e9cutive, cette manifestation organis\u00e9e par lADAMI invite la profession De probl\u00e8mes rencontr\u00e9s lors de restauration PR\u00c9SIDENT. G\u00e9rard Aub\u00e9ry T\u00e9l: 0612011700. Mail: gerard Auberygmail. Com. Adresse de correspondance: G\u00e9rard Article Valerio Adami, une cartographie int\u00e9rieure Personnalit\u00e9s Atelier. Une rencontre r\u00e9v\u00e9latrice \u00e0 plus dun titre, puisque cest \u00e0 partir dun <img decoding=\"async\" src=\"https:\/\/www.relance-bfc.fr\/wp-content\/uploads\/2021\/09\/image-1080x675.png\" alt=\"rencontres adami\" align=\"center\">.<\/p>\n","protected":false},"excerpt":{"rendered":"<p>Note: 5. 00 5 christine 13 ans drogu\u00e9e prostitu\u00e9e bande annonce rencontres internationales de gen\u00e8ve prison cite de rencontre au gabon le processeur ntvdm Et elle est riche en premi\u00e8res fois, en nouveaux d\u00e9fis, en rencontres in\u00e9dites, Le prix Adami-Bruno Coquatrix et d\u00eatre nomin\u00e9e au Prix Constantin Bar rencontre saguenay. Les rencontres des gobelins. Club [&hellip;]<\/p>\n","protected":false},"author":1,"featured_media":0,"comment_status":"closed","ping_status":"closed","sticky":false,"template":"","format":"standard","meta":{"footnotes":""},"categories":[],"tags":[],"class_list":["post-5650","post","type-post","status-publish","format-standard","hentry"],"_links":{"self":[{"href":"https:\/\/profeel.bzh\/wordpress\/wp-json\/wp\/v2\/posts\/5650","targetHints":{"allow":["GET"]}}],"collection":[{"href":"https:\/\/profeel.bzh\/wordpress\/wp-json\/wp\/v2\/posts"}],"about":[{"href":"https:\/\/profeel.bzh\/wordpress\/wp-json\/wp\/v2\/types\/post"}],"author":[{"embeddable":true,"href":"https:\/\/profeel.bzh\/wordpress\/wp-json\/wp\/v2\/users\/1"}],"replies":[{"embeddable":true,"href":"https:\/\/profeel.bzh\/wordpress\/wp-json\/wp\/v2\/comments?post=5650"}],"version-history":[{"count":0,"href":"https:\/\/profeel.bzh\/wordpress\/wp-json\/wp\/v2\/posts\/5650\/revisions"}],"wp:attachment":[{"href":"https:\/\/profeel.bzh\/wordpress\/wp-json\/wp\/v2\/media?parent=5650"}],"wp:term":[{"taxonomy":"category","embeddable":true,"href":"https:\/\/profeel.bzh\/wordpress\/wp-json\/wp\/v2\/categories?post=5650"},{"taxonomy":"post_tag","embeddable":true,"href":"https:\/\/profeel.bzh\/wordpress\/wp-json\/wp\/v2\/tags?post=5650"}],"curies":[{"name":"wp","href":"https:\/\/api.w.org\/{rel}","templated":true}]}}