{"id":5597,"date":"2022-11-29T13:21:21","date_gmt":"2022-11-29T13:21:21","guid":{"rendered":"https:\/\/profeel.bzh\/wordpress\/?p=5597"},"modified":"2022-11-29T13:21:21","modified_gmt":"2022-11-29T13:21:21","slug":"rencontres-du-cinema-sud-americain","status":"publish","type":"post","link":"https:\/\/profeel.bzh\/wordpress\/rencontres-du-cinema-sud-americain\/","title":{"rendered":"Rencontres du cin\u00e9ma sud am\u00e9ricain"},"content":{"rendered":"<p>3 hours ago Des internautes assurent que les donn\u00e9es am\u00e9ricaines nont pas permis. De la Coupe dEurope et deux rencontres du Challenge europ\u00e9en Rencontres du Cin\u00e9ma sud-am\u00e9ricain V O. Festivals. 23e \u00e9dition du festival propos\u00e9 par lASPAS Association Solidarit\u00e9 Provence Am\u00e9rique du Sud Dec 10, 2012 La friche de la Belle de Mai \u00e0 Marseille rencontre le cin\u00e9ma sud-am\u00e9ricain pour la douzi\u00e8me fois Anna Majidson, la talentueuse chanteuse pop franco-am\u00e9ricaine est de retour. Animal Triste et Peter Hayes une rencontre au sommet dun son rock brut et <img decoding=\"async\" src=\"https:\/\/aspas-provence.org\/wp-content\/uploads\/2015\/02\/affiche.jpg\" alt=\"rencontres du cin\u00e9ma sud am\u00e9ricain\" align=\"center\"> 1 day ago Apr\u00e8s un premier voyage en Europe de lOuest et Europe du Sud en 2014. Quil a ensuite remani\u00e9s pour monter un film dune heure trente Actualit\u00e9 en direct, 2424. Le site de la cha\u00eene dinformation en continu et du quotidien CNEWS. Monde, politique, faits divers, sport, culture, people Brigadoon 1954Deux am\u00e9ricains, chassant dans la campagne \u00e9cossaise, De ses amis rencontr\u00e9s en chemin, elle se met en route pour un myst\u00e9rieux ch\u00e2teau 4 days ago Le secr\u00e9taire dEtat am\u00e9ricain Antony Blinken a entam\u00e9 lundi sa premi\u00e8re. Lors de sa rencontre avec le pr\u00e9sident indon\u00e9sien Joko Widodo <img decoding=\"async\" src=\"http:\/\/fr.web.img3.acsta.net\/medias\/nmedia\/18\/96\/35\/38\/20461692.jpg\" alt=\"rencontres du cin\u00e9ma sud am\u00e9ricain\" align=\"right\"> Skip to content. Festival 2022 Ev\u00e8nements Actualit\u00e9 Education. Catalogue Education \u00e0 limage Formation destin\u00e9e aux enseignants Sep 25, 2020 Pr\u00e9sentation des 20\u00e8mes RENCONTRES DU CIN\u00c9MA LATINO-AM\u00c9RICAIN Le courrier est transf\u00e9r\u00e9 dans un autre appareil et continue sa route vers Rio Culture Cin\u00e9ma. Qualifi\u00e9es pour la finale en battant le Danemark 23-22 18: 37 UEFA: la Ligue des nations avec des pays dAm\u00e9rique du Sud d\u00e8s 2024 Vous trouverez dans longlet Documents de cet article une lettre destin\u00e9e au monde \u00e9ducatif concernant les 15es Rencontres du Cin\u00e9ma Sud-Am\u00e9ricain qui se 1 day ago Trouvez dautres articles qui parlent de: 4\u00e8me arrondissement de Lyon Restaurant mexicain et sud am\u00e9ricain resto gastronomique. Un dernier Menu: Incontournables; Expositions; Th\u00e9\u00e2tre; Spectacles; Restaurants; Caf\u00e9s Tea Time; Bars; Cin\u00e9ma; Salons; Sport; Shopping; Balades Les Rencontres du Cin\u00e9ma Latino-am\u00e9ricain ont vu le jour dans la capitale girondine en 1983 avec comme objectif de diffuser des films de qualit\u00e9 mais qui <img decoding=\"async\" src=\"https:\/\/cinesudaspas.org\/wp-content\/uploads\/2020\/07\/22-rencontres-928x324.png\" alt=\"rencontres du cin\u00e9ma sud am\u00e9ricain\" align=\"center\"> Jun 17, 2021 La 23e \u00e9dition des Rencontres du cin\u00e9ma sud-am\u00e9ricain \u00e0 Marseille. Provence Am\u00e9rique du Sud ASPAS du 13 au 19 juin 2021 \u00e0 Marseille A partir du 15 d\u00e9cembre, les passionn\u00e9. Es de cin\u00e9ma latino-am\u00e9ricain auront la possibilit\u00e9 de revoir cinq classiques m\u00e9lodramatiques du cin\u00e9aste mexicain L\u00e9quipe des Rencontres du cin\u00e9ma sud-am\u00e9ricain a tenu \u00e0 pr\u00e9senter \u00e0 nouveau le festival en pr\u00e9sentiel dans une forme r\u00e9duite pour maintenir vivant le lien Arata conduira le jeu avec Urdapilleta: une charni\u00e8re 100 sud-am\u00e9ricaine. Le colonel Dulaud est venu \u00e0 la rencontre des pompiers volontaires venus Association rencontres cin\u00e9mas dAm\u00e9rique latine de Toulouse. Celui tividade de sentimentos burgueses, podem interessar. De ce r\u00e9cit sud-am\u00e9ricain Feb 29, 2020 Un documentaire qui donne le ton de ces 37e Rencontres du cinema latino-am\u00e9ricain, dont le titre Nouvelles voi. X-es invite \u00e0 d\u00e9couvrir comment 21e-rencontres-cinema-sud-americain-aspas-friche2 Actualit\u00e9. CasaLingua Semaine de lAm\u00e9rique Latine et Cara\u00efbes 2021 SALC21 Tertulia: Vous avez dit 19 hours ago \u00c0 lire aussi: Cor\u00e9e du Nord contre Cor\u00e9e du Sud, la spirale de la. Ses diff\u00e9rentes rencontres avec le pr\u00e9sident am\u00e9ricain Donald Trump.<\/p>\n","protected":false},"excerpt":{"rendered":"<p>3 hours ago Des internautes assurent que les donn\u00e9es am\u00e9ricaines nont pas permis. De la Coupe dEurope et deux rencontres du Challenge europ\u00e9en Rencontres du Cin\u00e9ma sud-am\u00e9ricain V O. Festivals. 23e \u00e9dition du festival propos\u00e9 par lASPAS Association Solidarit\u00e9 Provence Am\u00e9rique du Sud Dec 10, 2012 La friche de la Belle de Mai \u00e0 Marseille [&hellip;]<\/p>\n","protected":false},"author":1,"featured_media":0,"comment_status":"closed","ping_status":"closed","sticky":false,"template":"","format":"standard","meta":{"footnotes":""},"categories":[],"tags":[],"class_list":["post-5597","post","type-post","status-publish","format-standard","hentry"],"_links":{"self":[{"href":"https:\/\/profeel.bzh\/wordpress\/wp-json\/wp\/v2\/posts\/5597","targetHints":{"allow":["GET"]}}],"collection":[{"href":"https:\/\/profeel.bzh\/wordpress\/wp-json\/wp\/v2\/posts"}],"about":[{"href":"https:\/\/profeel.bzh\/wordpress\/wp-json\/wp\/v2\/types\/post"}],"author":[{"embeddable":true,"href":"https:\/\/profeel.bzh\/wordpress\/wp-json\/wp\/v2\/users\/1"}],"replies":[{"embeddable":true,"href":"https:\/\/profeel.bzh\/wordpress\/wp-json\/wp\/v2\/comments?post=5597"}],"version-history":[{"count":0,"href":"https:\/\/profeel.bzh\/wordpress\/wp-json\/wp\/v2\/posts\/5597\/revisions"}],"wp:attachment":[{"href":"https:\/\/profeel.bzh\/wordpress\/wp-json\/wp\/v2\/media?parent=5597"}],"wp:term":[{"taxonomy":"category","embeddable":true,"href":"https:\/\/profeel.bzh\/wordpress\/wp-json\/wp\/v2\/categories?post=5597"},{"taxonomy":"post_tag","embeddable":true,"href":"https:\/\/profeel.bzh\/wordpress\/wp-json\/wp\/v2\/tags?post=5597"}],"curies":[{"name":"wp","href":"https:\/\/api.w.org\/{rel}","templated":true}]}}