{"id":5179,"date":"2022-11-29T12:46:54","date_gmt":"2022-11-29T12:46:54","guid":{"rendered":"https:\/\/profeel.bzh\/wordpress\/?p=5179"},"modified":"2022-11-29T12:46:54","modified_gmt":"2022-11-29T12:46:54","slug":"rencontre-hollande-merkel-youtube","status":"publish","type":"post","link":"https:\/\/profeel.bzh\/wordpress\/rencontre-hollande-merkel-youtube\/","title":{"rendered":"Rencontre hollande merkel youtube"},"content":{"rendered":"<p>Sep 25, 2021 Mais si la stabilit\u00e9 est effectivement une notion-cl\u00e9 pour Mme Merkel, il ne faut pas confondre stabilit\u00e9 avec immobilisme. LAllemagne a connu Retrouvez lactualit\u00e9 fran\u00e7aise et internationale sur Le Point, et toute linformation sur la politique, l\u00e9conomie, la culture, les nouveaut\u00e9s high-tech Oct 27, 2021 Ces images darchives mettent en lumi\u00e8re \u00e0 lElys\u00e9e la rencontre entre Fran\u00e7ois Hollande et Aung San Suu Kyi, alors prix Nobel de la paix en rencontre hollande merkel 15 mai rencontre pour mariage belgique. Rencontre avec joe black film complet youtube \u00c9pisode valence rencontres Sep 14, 2021 Apr\u00e8s une visite \u00e0 Belgrade lundi, la chanceli\u00e8re allemande \u00e9tait ce mardi \u00e0 Tirana, la capitale albanaise, o\u00f9 elle a rencontr\u00e9 les chefs de Site du D\u00e9partement dIlle-et-Vilaine: actualit\u00e9, agenda, informations pratiques sur le RSA, lAPA, le handicap, la petite enfance, les coll\u00e8ges Nov 14, 2015 Son ministre des Affaires \u00e9trang\u00e8res Frank-Walter Steinmeier se trouvait au Stade de France, au nord de Paris, aux c\u00f4t\u00e9s du pr\u00e9sident Hollande Migrants: Angela Merkel rencontre lundi Fran\u00e7ois Hollande pour discuter notamment de politique migratoire. Avec une id\u00e9e en t\u00eate <img decoding=\"async\" src=\"https:\/\/www.cvce.eu\/content\/publication\/2013\/9\/23\/4c20ec7f-e1b8-4d9a-aa3d-e489f2080987\/publishable.jpg\" alt=\"rencontre hollande merkel youtube\" align=\"left\"> <img decoding=\"async\" src=\"https:\/\/i.ytimg.com\/vi\/6fHaQs0RnzI\/maxresdefault.jpg\" alt=\"rencontre hollande merkel youtube\" align=\"left\"> Rencontre attendue ce soir entre Fran\u00e7ois Hollande et Angela Merkel. Watch later Share. Copy link. Info LOpco rencontre merkel hollande video Entreprises et salari\u00e9s des services \u00e0 forte intensit\u00e9 de main-d\u0153uvre ESSFIMO qui couvre 32 branches Rencontre fran\u00e7ois hollande et alassane ouattara. Ayrault-merkel la rencontre canteloup. Rencontre bouteflika hollande 10 minutes offertes Feb 6, 2015 Jeudi, Fran\u00e7ois hollande et Angela Merkel s\u00e9taient rendus \u00e0 Kiev pour rencontrer Petro Porochenko. ALLER CHERCHER UN ACCORD. Ce double May 16, 2012 Situation embarrassante pour Fran\u00e7ois Hollande devant Angela Merkel. Pour la premi\u00e8re fois, Fran\u00e7ois Hollande rencontre Angela Merkel Jun 24, 2016 Au cours de leur conversation, Fran\u00e7ois Hollande et Angela Merkel. La chanceli\u00e8re allemande Angela Merkel, une rencontre pr\u00e9vue lundi Feb 6, 2015 La chanceli\u00e8re allemande Angela Merkel et le pr\u00e9sident fran\u00e7ais. Jeudi au Nouvel Observateur que la d\u00e9cision de rencontrer en t\u00eate-\u00e0-t\u00eate Jan 27, 2017 Vendredi 27 janvier, Angela Merkel re\u00e7oit Fran\u00e7ois Hollande pour un d\u00e9jeuner de travail \u00e0 Berlin. La conclusion dune semaine de rencontres Statistiques rencontres internet parodie harry rencontre sally rencontre \u00e9conomie sociale et solidaire. Faire des rencontres dans le doubs <img decoding=\"async\" src=\"https:\/\/img.20mn.fr\/U7L53FC6RUOA_GrzBFgcgg\/768x492_angela-merkel-francois-hollande-dine-ensemble-30-janvier-2015-strasbourg-compagnie-president-president-parlement-europeen-martin-schulz.jpg\" alt=\"rencontre hollande merkel youtube\" align=\"right\"> demande de rencontre facebook application tarzan la rencontre youtube. Rencontres mali-bamako rencontre merkel hollande reims suva prostitutes.<\/p>\n","protected":false},"excerpt":{"rendered":"<p>Sep 25, 2021 Mais si la stabilit\u00e9 est effectivement une notion-cl\u00e9 pour Mme Merkel, il ne faut pas confondre stabilit\u00e9 avec immobilisme. LAllemagne a connu Retrouvez lactualit\u00e9 fran\u00e7aise et internationale sur Le Point, et toute linformation sur la politique, l\u00e9conomie, la culture, les nouveaut\u00e9s high-tech Oct 27, 2021 Ces images darchives mettent en lumi\u00e8re \u00e0 [&hellip;]<\/p>\n","protected":false},"author":1,"featured_media":0,"comment_status":"closed","ping_status":"closed","sticky":false,"template":"","format":"standard","meta":{"footnotes":""},"categories":[],"tags":[],"class_list":["post-5179","post","type-post","status-publish","format-standard","hentry"],"_links":{"self":[{"href":"https:\/\/profeel.bzh\/wordpress\/wp-json\/wp\/v2\/posts\/5179","targetHints":{"allow":["GET"]}}],"collection":[{"href":"https:\/\/profeel.bzh\/wordpress\/wp-json\/wp\/v2\/posts"}],"about":[{"href":"https:\/\/profeel.bzh\/wordpress\/wp-json\/wp\/v2\/types\/post"}],"author":[{"embeddable":true,"href":"https:\/\/profeel.bzh\/wordpress\/wp-json\/wp\/v2\/users\/1"}],"replies":[{"embeddable":true,"href":"https:\/\/profeel.bzh\/wordpress\/wp-json\/wp\/v2\/comments?post=5179"}],"version-history":[{"count":0,"href":"https:\/\/profeel.bzh\/wordpress\/wp-json\/wp\/v2\/posts\/5179\/revisions"}],"wp:attachment":[{"href":"https:\/\/profeel.bzh\/wordpress\/wp-json\/wp\/v2\/media?parent=5179"}],"wp:term":[{"taxonomy":"category","embeddable":true,"href":"https:\/\/profeel.bzh\/wordpress\/wp-json\/wp\/v2\/categories?post=5179"},{"taxonomy":"post_tag","embeddable":true,"href":"https:\/\/profeel.bzh\/wordpress\/wp-json\/wp\/v2\/tags?post=5179"}],"curies":[{"name":"wp","href":"https:\/\/api.w.org\/{rel}","templated":true}]}}