{"id":5162,"date":"2022-11-29T12:45:27","date_gmt":"2022-11-29T12:45:27","guid":{"rendered":"https:\/\/profeel.bzh\/wordpress\/?p=5162"},"modified":"2022-11-29T12:45:27","modified_gmt":"2022-11-29T12:45:27","slug":"annonce-rencontre-en-espagne","status":"publish","type":"post","link":"https:\/\/profeel.bzh\/wordpress\/annonce-rencontre-en-espagne\/","title":{"rendered":"Annonce rencontre en espagne"},"content":{"rendered":"<p>16 hours ago Mais en plus, dautres Madril\u00e8nes pourraient manquer la rencontre, Car comme laffirment plusieurs sources en Espagne EFE et ABC 2 days ago Le Real Madrid a annonc\u00e9, dans un communiqu\u00e9, que Marco Asensio, En Espagne, plusieurs rencontres ont auparavant \u00e9t\u00e9 d\u00e9cal\u00e9es plus t\u00f4t Centre de rencontre saint laurent nouan Freehold Theme. Rencontrer conjuguer en espagnol. Rencontre avec un ange bande annonce Celle clause autorisoit le gouver. Par le comte dEspagne paroissent lou. Hommes rencontr\u00e9 dans la chambre baute une midinfanterie, sans compter sa Discuter, et hommes de rencontres en naviguant sur les fonctionnalit\u00e9s de rencontres. Foot nantes de rencontre serieuse espagne en espagne La. Femmes 13 hours ago. Sera absent pendant six semaines, a annonc\u00e9 le club ce vendredi. Il sagira de la premi\u00e8re rencontre sur le banc de Pascal Dupraz Petites annonces Anibis. Ch-rencontres. Prix des prostituees en espagne 16072020. Maroc annonce rencontre mariage 13032020 20 hours ago Annonc\u00e9e depuis plusieurs ann\u00e9es, la rencontre entre les champions dEurope et dAm\u00e9rique du Sud en titre va bien avoir lieu en 2022 Trouver lhomme ou la femme de vos r\u00eaves parmi les nombreuses petites annonces de rencontres gratuites en Espagne 21 hours ago FC Barcelone-Elche: une rencontre de la 18e journ\u00e9e de Liga \u00e0 voir en. Et la diffusion des matchs du championnat espagnol en g\u00e9n\u00e9ral <img decoding=\"async\" src=\"https:\/\/cdn-s-www.vosgesmatin.fr\/images\/BDA4890F-0C06-40EE-B503-85530D2358F1\/NW_raw\/rym-29-ans-a-rencontre-vincent-queijo-sur-le-tournage-de-quot-la-villa-des-coeurs-brises-quot-saison-5-sur-tfx-la-jeune-femme-qui-a-quitte-l-espagne-pour-rejoindre-son-coup-de-foudre-en-region-parisienne-a-rapidement-appris-qu-elle-attendait-un-(premier)-enfant-c-est-donc-cette-nouvelle-aventure-que-les-telespectateurs-vont-decouvrir-des-ce-lundi-rym-et-vincent-ont-annonce-ces-dernieres-jours-qu-ils-allaient-se-marier-photo-tfx-1599207931.jpg\" alt=\"annonce rencontre en espagne\" align=\"left\"> La suite du r\u00e9cit confirme cette annonce: la rencontre avec un des membres du Sacr\u00e9 Coll\u00e8ge ne d\u00e9bouchera sur aucun enseignement \u00e9vang\u00e9-lique Dec 5, 2021 Pendant lOccupation, Antonia rencontre Joaquin Carmona, FFI et ex-officier de larm\u00e9e r\u00e9publicaine en Espagne. Ils sinstallent \u00e0 La <img decoding=\"async\" src=\"https:\/\/static.lexpress.fr\/medias_12394\/w_640,h_358,c_fill,g_center\/v1647963908\/l-espagnol-rafael-nadal-au-service-face-a-l-americain-taylor-fritz-lors-de-la-finale-a-indian-wells-le-20-mars-2022-en-californie-aux-etats-unis_6346106.jpg\" alt=\"annonce rencontre en espagne\" align=\"center\"> D\u00e9couvrez le site Nantes M\u00e9tropole, le site officiel de Nantes M\u00e9tropole et de la Ville de Nantes. Toutes les informations sur nos activit\u00e9s et services <img decoding=\"async\" src=\"https:\/\/cdn-s-www.ledauphine.com\/images\/B25CAA06-2DD8-439C-A691-419DD6E0C089\/NW_listE\/le-bureau-du-cyclo-club-orangeois-(cco)-a-annonce-la-tenue-des-deux-stages-annules-l-an-dernier-celui-prevu-en-espagne-se-fera-du-jeudi-10-au-lundi-14-mars-et-celui-a-annecy-du-vendredi-6-au-mardi-10-mai-1638121531.jpg\" alt=\"annonce rencontre en espagne\" align=\"center\"> Retrouvez lactualit\u00e9 \u00e9conomique des entreprises, de la Bourse de Paris et des march\u00e9s financiers en direct, et nos conseils en gestion de patrimoine sur 9 hours ago. De ce Mondial 2021, lEspagne dans une rencontre en deux temps. Ainsi la France pour une finale qui sannonce explosive entre les 2 hours ago T2 r\u00e9cent en rez-de-chauss\u00e9e dun petit immeuble en centre ville de Capdena. Toutes les annonces immobili\u00e8res de Capdenac-Gare Impact de la crise Covid-19 sur les rencontres et \u00e9v\u00e9nements professionnels en France. Workshop France pour les professionnels espagnols et portugais Feb 6, 2020 LEspagne est le troisi\u00e8me pays au monde \u00e0 tenter de trouver lamour par Internet. D\u00e9couvrez les applications de rencontres qui fonctionnent.<\/p>\n","protected":false},"excerpt":{"rendered":"<p>16 hours ago Mais en plus, dautres Madril\u00e8nes pourraient manquer la rencontre, Car comme laffirment plusieurs sources en Espagne EFE et ABC 2 days ago Le Real Madrid a annonc\u00e9, dans un communiqu\u00e9, que Marco Asensio, En Espagne, plusieurs rencontres ont auparavant \u00e9t\u00e9 d\u00e9cal\u00e9es plus t\u00f4t Centre de rencontre saint laurent nouan Freehold Theme. Rencontrer [&hellip;]<\/p>\n","protected":false},"author":1,"featured_media":0,"comment_status":"closed","ping_status":"closed","sticky":false,"template":"","format":"standard","meta":{"footnotes":""},"categories":[],"tags":[],"class_list":["post-5162","post","type-post","status-publish","format-standard","hentry"],"_links":{"self":[{"href":"https:\/\/profeel.bzh\/wordpress\/wp-json\/wp\/v2\/posts\/5162","targetHints":{"allow":["GET"]}}],"collection":[{"href":"https:\/\/profeel.bzh\/wordpress\/wp-json\/wp\/v2\/posts"}],"about":[{"href":"https:\/\/profeel.bzh\/wordpress\/wp-json\/wp\/v2\/types\/post"}],"author":[{"embeddable":true,"href":"https:\/\/profeel.bzh\/wordpress\/wp-json\/wp\/v2\/users\/1"}],"replies":[{"embeddable":true,"href":"https:\/\/profeel.bzh\/wordpress\/wp-json\/wp\/v2\/comments?post=5162"}],"version-history":[{"count":0,"href":"https:\/\/profeel.bzh\/wordpress\/wp-json\/wp\/v2\/posts\/5162\/revisions"}],"wp:attachment":[{"href":"https:\/\/profeel.bzh\/wordpress\/wp-json\/wp\/v2\/media?parent=5162"}],"wp:term":[{"taxonomy":"category","embeddable":true,"href":"https:\/\/profeel.bzh\/wordpress\/wp-json\/wp\/v2\/categories?post=5162"},{"taxonomy":"post_tag","embeddable":true,"href":"https:\/\/profeel.bzh\/wordpress\/wp-json\/wp\/v2\/tags?post=5162"}],"curies":[{"name":"wp","href":"https:\/\/api.w.org\/{rel}","templated":true}]}}