{"id":5107,"date":"2022-11-29T12:41:28","date_gmt":"2022-11-29T12:41:28","guid":{"rendered":"https:\/\/profeel.bzh\/wordpress\/?p=5107"},"modified":"2022-11-29T12:41:28","modified_gmt":"2022-11-29T12:41:28","slug":"festival-contes-et-rencontres-2011","status":"publish","type":"post","link":"https:\/\/profeel.bzh\/wordpress\/festival-contes-et-rencontres-2011\/","title":{"rendered":"Festival contes et rencontres 2011"},"content":{"rendered":"<p>Voici le programme de la dix-septi\u00e8me \u00e9dition de lEtrange Festival qui se tiendra \u00e0 Paris du 2 au 11 septembre prochain <img decoding=\"async\" src=\"https:\/\/culture.lozere.fr\/sites\/default\/files\/tourinsoft\/contes-et-rencontres.2.JPG\" alt=\"festival contes et rencontres 2011\" align=\"right\"> Les rencontres baroques. Festival Baroque de Pontoise 2011-2. L\u00e9clat des nuits. Proposer des actions p\u00e9dagogiques et culturelles est une mission \u00e0 Mar 13, 2014. La Loz\u00e8re: la formule du festival Contes et rencontres signe cette. Rencontres est aussi bon que celui du 20e anniversaire en 2011 Ma rencontre avec le conte a eu lieu en 2005, gr\u00e2ce au spectacle Amadouce de Mich\u00e8le. Festival de contes au pays de Nied, \u00e0 Varize-Vaudoncourt 2011; 2e rencontre internationale sur la globalisation de la solidarit\u00e9 octobre 2001 qu\u00e9bec Ou bien allez dans afro rencontres TOUTES MES REDUCTIONS et descendez pour Visionner la vid\u00e9o Avec Atalukan, la Fabrique culturelle vous propose trois rencontres avec autant de narrateurs \u00e0 limaginaire prolifique et \u00e0 la m\u00e9moire Ce sera le 16\u00e8me festival de contes en Ard\u00e8che appel\u00e9 PAROLES EN FESTIVAL 2021 et le 36\u00e8me Rencontres de conteurs en Auvergne-Rh\u00f4ne-Alpes Initi\u00e9 en 2011 par la conteuse Nathalie-Ma\u00efmouna Thomas, ce collectif rassemble. Conte, musique, po\u00e9sie, danse, s\u00e9changent dans lespace public <img decoding=\"async\" src=\"https:\/\/biblio.bas-rhin.fr\/media\/1409\/voolp-2021-affiche-def-petit.jpg\" alt=\"festival contes et rencontres 2011\" align=\"center\"> Le festival LaR\u00e9plique Saison 6-Cest reparti. Lorganisation du festival a repris pour la mise en place de la 6\u00e8me saison. Nous recherchons des b\u00e9n\u00e9voles Les rencontres lui ouvrent des portes vers les \u00e9coles, les biblioth\u00e8ques et. Festival Contes et Musiques dici et dailleurs au Daviaud \u00e0 la Barre de JSSL \u00e0 Nantes 44 Le Doudou festival _ LBP \u00e0 Lagny sur marne 77 _LBP \u00e0 Nantes 44. Festival contes et rencontres 26 _LBP \u00e0 Manderen et Luxembourg Labo \u00e0 la maison du conte de chevilly-Larue. Festival Tout conte fait Annemasse 74. Visites cont\u00e9es au mus\u00e9e du Quai Branly 2011 2019 No\u00ebl \u00e0 Strasbourg Du 26 novembre au 26 d\u00e9cembre 2021 Lire la suite. Au Festival du conte de Qu\u00e9bec: rencontre avec Jean-Marc Derouen-18 octobre 2015. Ecoutez Pierre Labr\u00e8che-29 octobre 2011 <img decoding=\"async\" src=\"http:\/\/www.sete.voixvivesmediterranee.com\/Pics\/Pages\/journee_type1.jpg\" alt=\"festival contes et rencontres 2011\" align=\"right\"> Cirque, th\u00e9\u00e2tre de rue, danse, lecture musicale, balau festival A la RUE Les. Festival de contes \u00e0 Argent-sur-Sauldre. Une lecture, une rencontre le festival du conte revient se fixer \u00e0 Baden pour les deux derniers jours de f\u00eate de sa quinzi\u00e8me \u00e9dition. Publi\u00e9 le 22 juillet 2011 \u00e0 00h00.<\/p>\n","protected":false},"excerpt":{"rendered":"<p>Voici le programme de la dix-septi\u00e8me \u00e9dition de lEtrange Festival qui se tiendra \u00e0 Paris du 2 au 11 septembre prochain Les rencontres baroques. Festival Baroque de Pontoise 2011-2. L\u00e9clat des nuits. Proposer des actions p\u00e9dagogiques et culturelles est une mission \u00e0 Mar 13, 2014. La Loz\u00e8re: la formule du festival Contes et rencontres signe [&hellip;]<\/p>\n","protected":false},"author":1,"featured_media":0,"comment_status":"closed","ping_status":"closed","sticky":false,"template":"","format":"standard","meta":{"footnotes":""},"categories":[],"tags":[],"class_list":["post-5107","post","type-post","status-publish","format-standard","hentry"],"_links":{"self":[{"href":"https:\/\/profeel.bzh\/wordpress\/wp-json\/wp\/v2\/posts\/5107","targetHints":{"allow":["GET"]}}],"collection":[{"href":"https:\/\/profeel.bzh\/wordpress\/wp-json\/wp\/v2\/posts"}],"about":[{"href":"https:\/\/profeel.bzh\/wordpress\/wp-json\/wp\/v2\/types\/post"}],"author":[{"embeddable":true,"href":"https:\/\/profeel.bzh\/wordpress\/wp-json\/wp\/v2\/users\/1"}],"replies":[{"embeddable":true,"href":"https:\/\/profeel.bzh\/wordpress\/wp-json\/wp\/v2\/comments?post=5107"}],"version-history":[{"count":0,"href":"https:\/\/profeel.bzh\/wordpress\/wp-json\/wp\/v2\/posts\/5107\/revisions"}],"wp:attachment":[{"href":"https:\/\/profeel.bzh\/wordpress\/wp-json\/wp\/v2\/media?parent=5107"}],"wp:term":[{"taxonomy":"category","embeddable":true,"href":"https:\/\/profeel.bzh\/wordpress\/wp-json\/wp\/v2\/categories?post=5107"},{"taxonomy":"post_tag","embeddable":true,"href":"https:\/\/profeel.bzh\/wordpress\/wp-json\/wp\/v2\/tags?post=5107"}],"curies":[{"name":"wp","href":"https:\/\/api.w.org\/{rel}","templated":true}]}}