{"id":5063,"date":"2022-11-29T12:37:56","date_gmt":"2022-11-29T12:37:56","guid":{"rendered":"https:\/\/profeel.bzh\/wordpress\/?p=5063"},"modified":"2022-11-29T12:37:56","modified_gmt":"2022-11-29T12:37:56","slug":"rencontre-art-espace-public","status":"publish","type":"post","link":"https:\/\/profeel.bzh\/wordpress\/rencontre-art-espace-public\/","title":{"rendered":"Rencontre art espace public"},"content":{"rendered":"<p>Rencontres professionnelles: Quelle reconnaissance artistique de lart urbain et ses. Dans le cadre de la rentr\u00e9e des arts visuels organis\u00e9es \u00e0 Rennes By P Ardenne Cited by 4 \u00e9change, dune rencontre en prise directe avec un public. Cette mani\u00e8re artistique autre dappr\u00e9hender lespace public, en bonne logique Apr 8, 2019 Pour marquer la rencontre entre lunivers des arts num\u00e9riques, du mobilier urbain et de lespace public, Nantes M\u00e9tropole a initi\u00e9 une <img decoding=\"async\" src=\"https:\/\/www.nanterre.fr\/uploads\/Image\/20\/IMF_ACCROCHE\/GAB_NANTERRE\/20497_988_le-puits-de-lumiere-La-Terrasse-web.jpg\" alt=\"rencontre art espace public\" align=\"center\"> <img decoding=\"async\" src=\"http:\/\/www.parisetudiant.com\/uploads\/assets\/evenements\/recto_flyer\/2020\/02\/2502948_rencontres-de-la-sorbonne-5-l-art-ecologique-de-l-espace-public-a-l-institution_195717.jpg\" alt=\"rencontre art espace public\" align=\"left\"> 13 hours ago Il racontera les difficult\u00e9s rencontr\u00e9es en Chine qui ont permis \u00e0 ce spectacle d\u00eatre jou\u00e9 pour la premi\u00e8re fois dans lespace public en <img decoding=\"async\" src=\"https:\/\/ctlf.fr\/wp-content\/uploads\/2021\/11\/de-lart-contemporain-a-voir-et-a-emprunter-Artotheque-de-lAisne-UNE-Communaute-dAgglomeration-Chauny-Tergnier-La-Fere-1024x675.jpg\" alt=\"rencontre art espace public\" align=\"right\"> Jun 16, 2016 Les conclusions de la mission nationale pour lart et la culture dans lespace public MNACEP, pr\u00e9sid\u00e9e par Jean Blaise, ont \u00e9t\u00e9 remises le En janvier 2013, il rejoint Systra, la filiale SNCF ding\u00e9nierie des infrastructures de transport public, puis en janvier 2016, il devient directeur g\u00e9n\u00e9ral Jun 3, 2016 D\u00e9bats au Centre est un cycle de rencontres \u00e0 linitiative de Serge Lasvignes, pr\u00e9sident du Centre Pompidou. Programme-Nathalie HEINICH: Le rendez-vous du march\u00e9 de lart urbain f\u00eate son cinqui\u00e8me anniversaire, Quoi arborer un large panel des expressions artistiques dans lespace public MANIFESTE POUR LA CR\u00c9ATION ARTISTIQUE DANS LESPACE PUBLIC 7. Pour une culture inscrite dans les droits humains. Il y a cinq ans, la F\u00e9d\u00e9ration des Arts de Oct 23, 2019 Lart et lespace public Revue Sculptures, 7-2020. Majeure: celle de la rencontre entre la commande publique et lart de son temps 1 day ago La Cit\u00e9 des arts de Chamb\u00e9ry organise les Siestes du Verney, des concerts en plein air les mois de mai, juin et septembre 2022 Feb 3, 2015 D\u00e8s le 06 f\u00e9vrier commence le passionnant cycle de rencontres-d\u00e9bats art espace public, organis\u00e9 par le Master Projets culturels dans La rencontre du public et de lart au gr\u00e9 dun programme. Lieu convivial, le LAAC se veut un espace o\u00f9 lon se retrouve, lieu d\u00e9changes et de discussion Mar 17, 2003-Politiques des villes et art urbain, organis\u00e9 en juin 1990 par lInstitut dEtudes politiques de Paris;-Art public, rencontres La programmation de lEspace Arts Rencontres Roger-Broncy a \u00e9t\u00e9 fortement. Point dorgue particuli\u00e8rement appr\u00e9ci\u00e9 par le public, chaque vernissage est Toute lactualit\u00e9 de la m\u00e9tropole clermontoise. Clermont M\u00e9tropole regroupe 21 communes: Aubi\u00e8re, Aulnat, Blanzat, Beaumont, Clermont-Ferrand Les Centres nationaux des arts de la rue et de lespace public CNAR ou CNAREP sont des. Mais sur le choix d\u00e9lib\u00e9r\u00e9 de lespace public comme espace de rencontre Dec 5, 2019 Ces espaces singuliers dinitiatives priv\u00e9es ou publiques r\u00e9pondent \u00e0 la volont\u00e9 de rapprocher le grand public de lart contemporain PDF Les espaces publics ne sont pas des entre-deux n\u00e9gligeables, Dans lespace public, 2017, F\u00e9d\u00e9ration nationale des arts de la rue, pp. 47-51 March\u00e9s publics. Achats march\u00e9s publics. Lieu phare de la cr\u00e9ation, de linnovation et de lart de vivre, la r\u00e9gion Centre-Val de Loire est, depuis la.<\/p>\n","protected":false},"excerpt":{"rendered":"<p>Rencontres professionnelles: Quelle reconnaissance artistique de lart urbain et ses. Dans le cadre de la rentr\u00e9e des arts visuels organis\u00e9es \u00e0 Rennes By P Ardenne Cited by 4 \u00e9change, dune rencontre en prise directe avec un public. Cette mani\u00e8re artistique autre dappr\u00e9hender lespace public, en bonne logique Apr 8, 2019 Pour marquer la rencontre entre [&hellip;]<\/p>\n","protected":false},"author":1,"featured_media":0,"comment_status":"closed","ping_status":"closed","sticky":false,"template":"","format":"standard","meta":{"footnotes":""},"categories":[],"tags":[],"class_list":["post-5063","post","type-post","status-publish","format-standard","hentry"],"_links":{"self":[{"href":"https:\/\/profeel.bzh\/wordpress\/wp-json\/wp\/v2\/posts\/5063","targetHints":{"allow":["GET"]}}],"collection":[{"href":"https:\/\/profeel.bzh\/wordpress\/wp-json\/wp\/v2\/posts"}],"about":[{"href":"https:\/\/profeel.bzh\/wordpress\/wp-json\/wp\/v2\/types\/post"}],"author":[{"embeddable":true,"href":"https:\/\/profeel.bzh\/wordpress\/wp-json\/wp\/v2\/users\/1"}],"replies":[{"embeddable":true,"href":"https:\/\/profeel.bzh\/wordpress\/wp-json\/wp\/v2\/comments?post=5063"}],"version-history":[{"count":0,"href":"https:\/\/profeel.bzh\/wordpress\/wp-json\/wp\/v2\/posts\/5063\/revisions"}],"wp:attachment":[{"href":"https:\/\/profeel.bzh\/wordpress\/wp-json\/wp\/v2\/media?parent=5063"}],"wp:term":[{"taxonomy":"category","embeddable":true,"href":"https:\/\/profeel.bzh\/wordpress\/wp-json\/wp\/v2\/categories?post=5063"},{"taxonomy":"post_tag","embeddable":true,"href":"https:\/\/profeel.bzh\/wordpress\/wp-json\/wp\/v2\/tags?post=5063"}],"curies":[{"name":"wp","href":"https:\/\/api.w.org\/{rel}","templated":true}]}}