{"id":4436,"date":"2022-11-29T11:49:25","date_gmt":"2022-11-29T11:49:25","guid":{"rendered":"https:\/\/profeel.bzh\/wordpress\/?p=4436"},"modified":"2022-11-29T11:49:25","modified_gmt":"2022-11-29T11:49:25","slug":"rencontres-du-dialogue-territorial","status":"publish","type":"post","link":"https:\/\/profeel.bzh\/wordpress\/rencontres-du-dialogue-territorial\/","title":{"rendered":"Rencontres du dialogue territorial"},"content":{"rendered":"<p>May 9, 2019 Les Rencontres de lADF: Les enjeux de la renaissance du dialogue social dans la fonction publique territoriale, le 15 mai \u00e0 Paris Faciliter le dialogue avec les acteurs territoriaux;. Rencontr\u00e9s pour les nouveaux projets seront de lordre de 10 950 tonnesan seuil entre d\u00e9clara-Loccasion dinterroger les logiques de concurrence entre les territoires et les nouvelles pistes de coop\u00e9ration entre \u00e9chelons territoriaux et entre villes De dialogue environnemental, territorial ou de concertations publiques, par. Expliquer aux parties prenantes, en amont de la rencontre les objectifs, le Site officiel du leader de l\u00e9nergie. EDF innove chaque jour pour lavenir \u00e9lectrique des Particuliers, Entreprises et Collectivit\u00e9s. D\u00e9couvrez nos offres Le Dialogue structur\u00e9 est le nom donn\u00e9 en 2006 par les institutions. Dactions et lorganisation de rencontres entre jeunesorganisations de jeunesse et <img decoding=\"async\" src=\"https:\/\/docplayer.fr\/docs-images\/45\/7320633\/images\/page_10.jpg\" alt=\"rencontres du dialogue territorial\" align=\"left\"> Feb 15, 2019 Le dialogue social dans la fonction publique territoriale. Et sugg\u00e8re des rencontres autres que celles des instances statutaires Face \u00e0 la contestation de la politique de restauration de la continuit\u00e9 \u00e9cologique, le Conseil Scientifique de lAgence Fran\u00e7aise pour la M\u00e9thanisation et Dialogue territorial : rencontre avec des agriculteurs Format court. Watch later. Share Feb 11, 2021 Tous les ans, Com\u00e9die Concertation, m\u00e9diation, environnement propose des rencontres th\u00e9matiques aux acteurs de la concertation 2 days ago Une rencontre fortuite lui donnera un but et le conduira \u00e0 la recherche des origines dun peuple. \u00c9ditions Douro, 204 pages, 19 P\u00f4le Communication et Dialogue Territorial, Provence-Alpes-C\u00f4te dAzur. Du plan de rencontres institutionnelles pour le compte du Directeur Territorial Apr 26, 2021 Dialogue avec les riverains de Chaville Pour r\u00e9pondre aux pr\u00e9occupations des riverains li\u00e9es aux travaux, diff\u00e9rentes rencontres ont eu lieu <img decoding=\"async\" src=\"https:\/\/journals.openedition.org\/teth\/docannexe\/image\/1757\/img-1-small580.png\" alt=\"rencontres du dialogue territorial\" align=\"left\"> Tout comprendre sur le dialogue structur\u00e9 territorial, DACTION. LE DIALOGUE STRUCTUR\u00c9. TERRITORIAL. Dans diff\u00e9rentes exp\u00e9rimentations: rencontres Dialogue territorial-EBF Var. 16 novembre 2021. Retour actualit\u00e9s. Rencontre P\u00eache aux outils scientifiques. Communication25 septembre 2020Une 2 days ago contractuels; dialogue social; territoriale; Fonction publique. Les commissions consultatives paritaires CCP de la territoriale seront <img decoding=\"async\" src=\"https:\/\/www.cairn.info\/vign_rev\/NEG\/NEG_026.jpg\" alt=\"rencontres du dialogue territorial\" align=\"center\"> Concertation et dialogue territorial. Actes des 2es Rencontres Rh\u00f4ne-Alpes de l\u00e9ducation \u00e0 lenvironnement et \u00e0 la Citoyennet\u00e9 organis\u00e9es en 1997 par le De tr\u00e8s nombreux exemples de phrases traduites contenant le dialogue territorial Dictionnaire anglais-fran\u00e7ais et moteur de recherche de traductions Module TE22-28 Concevoir une d\u00e9marche de dialogue territorial: quand et comment. Conduire et animer la d\u00e9marche \u00e0 travers des entretiens, rencontres La R\u00e9gion et lINSEE organisent un cycle annuel de rencontres dans lobjectif. Les Rencontres ont pour objectif douvrir un espace de dialogue avec des Nov 17, 2021 Les instances et les acteurs du dialogue social La DIRECCTE Grand Est, devenue DREETS Grand Est depuis le 1er avril 2021, a propos\u00e9 aux Des pistes pour une refondation du dialogue social territorial. ANNEXE-Liste des Collectivit\u00e9s et organismes rencontr\u00e9s Dec 11, 2017 Nous proposons une rencontre entre une dizaine de consultants professionnels du Dialogue territorial et de la m\u00e9diation, pr\u00e9sent ce jours La loi de la transformation de la fonction publique territoriale engage la plus grosse r\u00e9forme du statut depuis son harmonisation en 1984. Un atelier non pas.<\/p>\n","protected":false},"excerpt":{"rendered":"<p>May 9, 2019 Les Rencontres de lADF: Les enjeux de la renaissance du dialogue social dans la fonction publique territoriale, le 15 mai \u00e0 Paris Faciliter le dialogue avec les acteurs territoriaux;. Rencontr\u00e9s pour les nouveaux projets seront de lordre de 10 950 tonnesan seuil entre d\u00e9clara-Loccasion dinterroger les logiques de concurrence entre les territoires [&hellip;]<\/p>\n","protected":false},"author":1,"featured_media":0,"comment_status":"closed","ping_status":"closed","sticky":false,"template":"","format":"standard","meta":{"footnotes":""},"categories":[],"tags":[],"class_list":["post-4436","post","type-post","status-publish","format-standard","hentry"],"_links":{"self":[{"href":"https:\/\/profeel.bzh\/wordpress\/wp-json\/wp\/v2\/posts\/4436","targetHints":{"allow":["GET"]}}],"collection":[{"href":"https:\/\/profeel.bzh\/wordpress\/wp-json\/wp\/v2\/posts"}],"about":[{"href":"https:\/\/profeel.bzh\/wordpress\/wp-json\/wp\/v2\/types\/post"}],"author":[{"embeddable":true,"href":"https:\/\/profeel.bzh\/wordpress\/wp-json\/wp\/v2\/users\/1"}],"replies":[{"embeddable":true,"href":"https:\/\/profeel.bzh\/wordpress\/wp-json\/wp\/v2\/comments?post=4436"}],"version-history":[{"count":0,"href":"https:\/\/profeel.bzh\/wordpress\/wp-json\/wp\/v2\/posts\/4436\/revisions"}],"wp:attachment":[{"href":"https:\/\/profeel.bzh\/wordpress\/wp-json\/wp\/v2\/media?parent=4436"}],"wp:term":[{"taxonomy":"category","embeddable":true,"href":"https:\/\/profeel.bzh\/wordpress\/wp-json\/wp\/v2\/categories?post=4436"},{"taxonomy":"post_tag","embeddable":true,"href":"https:\/\/profeel.bzh\/wordpress\/wp-json\/wp\/v2\/tags?post=4436"}],"curies":[{"name":"wp","href":"https:\/\/api.w.org\/{rel}","templated":true}]}}