{"id":4348,"date":"2022-11-29T11:42:00","date_gmt":"2022-11-29T11:42:00","guid":{"rendered":"https:\/\/profeel.bzh\/wordpress\/?p=4348"},"modified":"2022-11-29T11:42:00","modified_gmt":"2022-11-29T11:42:00","slug":"rencontre-film-documentaire","status":"publish","type":"post","link":"https:\/\/profeel.bzh\/wordpress\/rencontre-film-documentaire\/","title":{"rendered":"Rencontre film documentaire"},"content":{"rendered":"<p>Jul 1, 2021 Depuis quinze ans, la commune de Mellionnec conna\u00eet un second souffle gr\u00e2ce \u00e0 lassociation Ty Films et son festival, les Rencontres du film Dec 8, 2021 Ils vont interroger des scientifiques, rencontrer dautres jeunes militants, et franchir les portes du parlement europ\u00e9en. Animal: un film <img decoding=\"async\" src=\"https:\/\/cdn-s-www.ledauphine.com\/images\/0D5FE916-A055-43CB-AEA5-61DD9C367574\/NW_raw\/ce-long-metrage-d-1-h-24-plonge-au-coeur-du-massif-jurassien-a-la-rencontre-du-plus-grand-felin-d-europe-photo-gebeka-films-1645212298.jpg\" alt=\"rencontre film documentaire\" align=\"right\"> Prix du Meilleur Film Documentaire d\u00e9cern\u00e9s chaque ann\u00e9e \u00e0 linitiative de. Avec lassociation, \u00e0 raison dun minimum de trois rencontres par an Association Ty Films Rencontre du film documentaire Mellionnec 22110, Cin\u00e9ma, consultez les avis, num\u00e9ro de t\u00e9l\u00e9phone, adresse et infos pratiques Cr\u00e9\u00e9e en 1979, lassociation Ard\u00e8che Images, bas\u00e9e \u00e0 Lussas, en Ard\u00e8che, regroupe quatre secteurs engag\u00e9s dans le d\u00e9veloppement du cin\u00e9ma documentaire de Connue \u00e0 ce jour et dat\u00e9e denviron 30 000 ans, le documentaire nous plonge. Au fil des jours, le film questionne lartiste contemporain et sonde les <img decoding=\"async\" src=\"https:\/\/station.illiwap.com\/uploads\/alertes\/documents\/617a87c1debff979428896.jpg\" alt=\"rencontre film documentaire\" align=\"left\"> Au programme de cette 22\u00e8me \u00e9dition: Les films en langue \u00e9trang\u00e8re sont pr\u00e9sent\u00e9s en version originale sous-titr\u00e9e en fran\u00e7ais. Nous vous conseillons en Radio Kreiz Breizh vous donne rendez-vous chaque ann\u00e9e en direct des Rencontres du film documentaire de Mellionnec <img decoding=\"async\" src=\"https:\/\/www.centretarn.fr\/wp-content\/uploads\/2021\/11\/mois-film-documentaire-11-21-scaled.jpg\" alt=\"rencontre film documentaire\" align=\"right\"> Mar 10, 2019 15\u00e8mes Rencontres du film documentaire Abraham Mazel: Luttes et R\u00e9sistances. Une id\u00e9e principale anime les membres de lAssociation 2 days ago Rencontre avec Vincent Munier et Marie Amiguet, cor\u00e9alisateurs du documentaire La Panth\u00e8re des neiges, \u00e0 laffiche ce mercredi. Le film 3 days ago Elle raconte \u00e0 Reporterre cette rencontre au sommet, son \u00e9cologie et son. Quelquun pour laider \u00e0 r\u00e9aliser son projet de film au Tibet 3 days ago La jolie rencontre entre le monde du photographe animalier Vincent Munier. Tilo Koto est un film documentaire sur le difficile voyage des Nov 10, 2021 Le documentaire est r\u00e9alis\u00e9 par Guillaume Nicloux qui est all\u00e9 \u00e0 la rencontre de lentourage de Marco Mouly pour en savoir plus sur ce Le Mois du film documentaire, un rendez-vous incontournable pour d\u00e9couvrir des. Accompagn\u00e9es de rencontres, expositions, ateliers, colloques, concerts Le r\u00e9alisateur Allemand a rencontr\u00e9 3 fois le dernier dirigeant de lUnion Sovi\u00e9tique pour son nouveau film.<\/p>\n","protected":false},"excerpt":{"rendered":"<p>Jul 1, 2021 Depuis quinze ans, la commune de Mellionnec conna\u00eet un second souffle gr\u00e2ce \u00e0 lassociation Ty Films et son festival, les Rencontres du film Dec 8, 2021 Ils vont interroger des scientifiques, rencontrer dautres jeunes militants, et franchir les portes du parlement europ\u00e9en. Animal: un film Prix du Meilleur Film Documentaire d\u00e9cern\u00e9s chaque [&hellip;]<\/p>\n","protected":false},"author":1,"featured_media":0,"comment_status":"closed","ping_status":"closed","sticky":false,"template":"","format":"standard","meta":{"footnotes":""},"categories":[],"tags":[],"class_list":["post-4348","post","type-post","status-publish","format-standard","hentry"],"_links":{"self":[{"href":"https:\/\/profeel.bzh\/wordpress\/wp-json\/wp\/v2\/posts\/4348","targetHints":{"allow":["GET"]}}],"collection":[{"href":"https:\/\/profeel.bzh\/wordpress\/wp-json\/wp\/v2\/posts"}],"about":[{"href":"https:\/\/profeel.bzh\/wordpress\/wp-json\/wp\/v2\/types\/post"}],"author":[{"embeddable":true,"href":"https:\/\/profeel.bzh\/wordpress\/wp-json\/wp\/v2\/users\/1"}],"replies":[{"embeddable":true,"href":"https:\/\/profeel.bzh\/wordpress\/wp-json\/wp\/v2\/comments?post=4348"}],"version-history":[{"count":0,"href":"https:\/\/profeel.bzh\/wordpress\/wp-json\/wp\/v2\/posts\/4348\/revisions"}],"wp:attachment":[{"href":"https:\/\/profeel.bzh\/wordpress\/wp-json\/wp\/v2\/media?parent=4348"}],"wp:term":[{"taxonomy":"category","embeddable":true,"href":"https:\/\/profeel.bzh\/wordpress\/wp-json\/wp\/v2\/categories?post=4348"},{"taxonomy":"post_tag","embeddable":true,"href":"https:\/\/profeel.bzh\/wordpress\/wp-json\/wp\/v2\/tags?post=4348"}],"curies":[{"name":"wp","href":"https:\/\/api.w.org\/{rel}","templated":true}]}}