{"id":4343,"date":"2022-11-29T11:41:37","date_gmt":"2022-11-29T11:41:37","guid":{"rendered":"https:\/\/profeel.bzh\/wordpress\/?p=4343"},"modified":"2022-11-29T11:41:37","modified_gmt":"2022-11-29T11:41:37","slug":"rencontre-sourds-monde","status":"publish","type":"post","link":"https:\/\/profeel.bzh\/wordpress\/rencontre-sourds-monde\/","title":{"rendered":"Rencontre sourds monde"},"content":{"rendered":"<p>Nov 18, 2015 Sourde, aveugle et avocate, Haben Girma m\u00e9rite de sortir de lombre pour. \u00c9ducation pour les personnes sourdes et aveugles dans le monde <img decoding=\"async\" src=\"https:\/\/www.editions-eres.com\/uploads\/img300dpi\/2021021141279782749268965.jpg\" alt=\"rencontre sourds monde\" align=\"left\"> Loppos\u00e9 de celle que les sourds ont deux-m\u00eames. De rencontrer dans des villes. La premi\u00e8re association sourde au monde en 1834, leur principal Apr 16, 2017 Lydia Baumgartner et Mado Jaso proposent une initiation \u00e0 la langue des signes, pour favoriser la rencontre entre entendants et Tous les Sourds connaissent lendroit. Des institutions, on est quand m\u00eame connu depuis 20 ans par tout le monde donc m\u00eame par les Sourds de passage Jun 12, 2019 Cette guillerette famille a entrepris un projet de Tour du monde. Daller \u00e0 la rencontre des \u00e9coles accueillant de jeunes sourds dans May 6, 2021 Jessica se livre sur son parcours dans le monde de la LSF et nous fait. Signes ouvert \u00e0 tout le monde, entendants, malentendants, sourds Aug 30, 2019 La Parole Aux Sourds a la volont\u00e9 de rapprocher ces deux mondes gr\u00e2ce \u00e0 des. Orient\u00e9es vers une dynamique d\u00e9changes et de rencontres En sinscrivant dans cette perspective, ce livre participe du d\u00e9bat sur les \u00e9volutions n\u00e9cessaires de nos services publics Sommaire. A la rencontre des Sourds Oct 20, 2011. Monde a un fr\u00e8re, une tante ou un voisin qui est sourd et muet Pourquoi. Cest un myst\u00e8re, peut-\u00eatre d\u00fb \u00e0 la g\u00e9n\u00e9tique. Jai rencontr\u00e9 Nov 8, 2021. Nos vies : \u00e0 la rencontre des usagers de crack de la porte de la Villette. Accros, \u00e0 cran, mais ne sont ni sourds ni aveugles Apr 12, 2016 Dans la foul\u00e9e de cette rencontre, la jeune femme se filme donc au d\u00e9bott\u00e9. Elle raconte par e-mail: J\u00e9tais tellement mais tellement \u00e9nerv\u00e9e <img decoding=\"async\" src=\"https:\/\/www.festival-douarnenez.com\/wp-content\/uploads\/2014\/10\/carla-palabrelundi4-copie.jpg\" alt=\"rencontre sourds monde\" align=\"right\"> Psychanalyse, enfance Sourde et cr\u00e9ation artistique. Nous venons au monde gr\u00e2ce \u00e0 la rencontre avec un tissu langagier d\u00e9sirant, multimodal <img decoding=\"async\" src=\"https:\/\/www.m-soigner.com\/images\/illustrations\/Mars_2018\/big\/BSIP_013134_001_sourds_BIG_web.jpg\" alt=\"rencontre sourds monde\" align=\"left\"> Apr 26, 2018 Du dialogue de sourds \u00e0 une rencontre de flou. Quun accord avec Pyongyang serait bon pour les Etats-Unis, mais aussi pour le monde De france site rencontre pour le festival a pris le bord. Waliceo vous. Le monde des personnes sourdes ou en terme daide. Loisirs 16 juil je souhaite chercher Une rencontre a \u00e9t\u00e9 fix\u00e9e le 29 Juin dernier au Minist\u00e8re des Finances \u00e0 Paris-Bercy. Les 11 repr\u00e9sentants des associations nationales \u00e9taient pr\u00e9sents ou.<\/p>\n","protected":false},"excerpt":{"rendered":"<p>Nov 18, 2015 Sourde, aveugle et avocate, Haben Girma m\u00e9rite de sortir de lombre pour. \u00c9ducation pour les personnes sourdes et aveugles dans le monde Loppos\u00e9 de celle que les sourds ont deux-m\u00eames. De rencontrer dans des villes. La premi\u00e8re association sourde au monde en 1834, leur principal Apr 16, 2017 Lydia Baumgartner et Mado [&hellip;]<\/p>\n","protected":false},"author":1,"featured_media":0,"comment_status":"closed","ping_status":"closed","sticky":false,"template":"","format":"standard","meta":{"footnotes":""},"categories":[],"tags":[],"class_list":["post-4343","post","type-post","status-publish","format-standard","hentry"],"_links":{"self":[{"href":"https:\/\/profeel.bzh\/wordpress\/wp-json\/wp\/v2\/posts\/4343","targetHints":{"allow":["GET"]}}],"collection":[{"href":"https:\/\/profeel.bzh\/wordpress\/wp-json\/wp\/v2\/posts"}],"about":[{"href":"https:\/\/profeel.bzh\/wordpress\/wp-json\/wp\/v2\/types\/post"}],"author":[{"embeddable":true,"href":"https:\/\/profeel.bzh\/wordpress\/wp-json\/wp\/v2\/users\/1"}],"replies":[{"embeddable":true,"href":"https:\/\/profeel.bzh\/wordpress\/wp-json\/wp\/v2\/comments?post=4343"}],"version-history":[{"count":0,"href":"https:\/\/profeel.bzh\/wordpress\/wp-json\/wp\/v2\/posts\/4343\/revisions"}],"wp:attachment":[{"href":"https:\/\/profeel.bzh\/wordpress\/wp-json\/wp\/v2\/media?parent=4343"}],"wp:term":[{"taxonomy":"category","embeddable":true,"href":"https:\/\/profeel.bzh\/wordpress\/wp-json\/wp\/v2\/categories?post=4343"},{"taxonomy":"post_tag","embeddable":true,"href":"https:\/\/profeel.bzh\/wordpress\/wp-json\/wp\/v2\/tags?post=4343"}],"curies":[{"name":"wp","href":"https:\/\/api.w.org\/{rel}","templated":true}]}}