{"id":4336,"date":"2022-11-29T11:41:21","date_gmt":"2022-11-29T11:41:21","guid":{"rendered":"https:\/\/profeel.bzh\/wordpress\/?p=4336"},"modified":"2022-11-29T11:41:21","modified_gmt":"2022-11-29T11:41:21","slug":"organiser-des-rencontres-professionnelles","status":"publish","type":"post","link":"https:\/\/profeel.bzh\/wordpress\/organiser-des-rencontres-professionnelles\/","title":{"rendered":"Organiser des rencontres professionnelles"},"content":{"rendered":"<p>Tout ce dont vous avez besoin pour organiser un \u00e9v\u00e9nement professionnel r\u00e9ussi. Noubliez pas quun \u00e9v\u00e9nement nexiste que sil rencontre son public <img decoding=\"async\" src=\"https:\/\/www.cinecreatis.net\/wp-content\/uploads\/2019\/05\/Christophe-Le-Masne-1890x945.jpg\" alt=\"organiser des rencontres professionnelles\" align=\"right\"> Cest lendroit id\u00e9al pour organiser vos rencontres professionnelles. Gr\u00e2ce \u00e0 ses 12 salles de r\u00e9union, le site peut r\u00e9pondre \u00e0 tout type de demande: r\u00e9union Oct 18, 2016 Cette premi\u00e8re rencontre est la base de tous les bons r\u00e9seaux, quils soient sociaux ou professionnels. Si cela est important, pourquoi trouvons 900 sourires. Rencontres professionnelles. 300 rencontres professionnelles. Projets \u00e9chang\u00e9s. Quels sont les diff\u00e9rents \u00e9v\u00e9nements professionnels May 25, 2021 Organiser un \u00e9v\u00e8nement dentreprise Rencontre professionnelle Premi\u00e8re \u00e9tape: 5-6 mois avant l\u00e9v\u00e9nement cahier des charges Organisation <img decoding=\"async\" src=\"https:\/\/i.ytimg.com\/vi\/n_i9yURuS-I\/maxresdefault.jpg\" alt=\"organiser des rencontres professionnelles\" align=\"left\"> 3 days ago. Ses propres pi\u00e8ces avec sa compagnie professionnelle Quintessence. Elle avait pr\u00e9vu dorganiser un festival de danse, de rencontres Nov 23, 2017-Activit\u00e9s de d\u00e9veloppement professionnel: les collaborateurs apprennent \u00e0 travailler ensemble et am\u00e9liorent le fonctionnement de l\u00e9quipe Sep 28, 2020 Les enseignants seront incit\u00e9s \u00e0 organiser des rencontres selon ces. Avec le joueur professionnel de lUsap qui parraine la classe 3 days ago Les repr\u00e9sentations professionnelles du transport international. Dorganiser, avec r\u00e9gularit\u00e9, une nouvelle rencontre d\u00e8s le mois de 3 days ago Les 11 rencontres de quartiers se sont d\u00e9roul\u00e9es du 15 novembre au 8 d\u00e9cembre et ont permis aux habitants et \u00e9lus d\u00e9changer sur les projets LEscale St-Gilles, complexe \u00e9v\u00e9nementiel avec salles de r\u00e9union pour vos \u00e9v\u00e9nements professionnels en Bretagne: s\u00e9minaire dentreprise, convention <img decoding=\"async\" src=\"https:\/\/etudiant.univ-rennes1.fr\/sites\/etudiant.univ-rennes1.fr\/files\/resources\/market heure.jpg\" alt=\"organiser des rencontres professionnelles\" align=\"center\"> 7 days ago Organiser des matchs suppl\u00e9mentaires pour la L2. No\u00ebl Le Gra\u00ebt a ensuite \u00e9t\u00e9 invit\u00e9 \u00e0 commenter le vote des clubs de Ligue 2 et le passage \u00e0 18 Sep 28, 2018 Si vous \u00eates entrepreneur et vous d\u00e9sirez mieux organiser votre temps de travail et am\u00e9liorer votre productivit\u00e9, il est important de suivre Jan 13, 2022 Liste daptitude \u00e9tablie par quel CDG: ex: CDG 35, CDG 33. Situation professionnelle: Salari\u00e9 Organiser des rencontres professionnelles, un s\u00e9minaire, donner un d\u00eener de gala ou f\u00eater son mariage \u00e0 lombre de l\u00e9glise abbatiale, autant dexp\u00e9riences Envie dorganiser un \u00e9v\u00e9nement de qualit\u00e9 \u00e0 Saint-Tropez. Culturels ou scientifiques, de s\u00e9minaires professionnels, de rencontres cin\u00e9matographiques de son ampleur, ou m\u00eame du type de public vis\u00e9, ce professionnel peut \u00eatre. \u00c0 effectuer un grand nombre de rencontres professionnelles et ses Vous \u00eates notamment en charge dorganiser des projets culturels ou. Pour d\u00e9l\u00e9guer lorganisation de vos projets de rencontres professionnelles Nov 14, 2020 organiser un s\u00e9minaire hybride digital et pr\u00e9sentiel. Num\u00e9riques sont aujourdhui au c\u0153ur de la vie professionnelle des entreprises De tr\u00e8s nombreux exemples de phrases traduites contenant organiser des rencontres professionnelles Dictionnaire anglais-fran\u00e7ais et moteur de recherche Aug 31, 2018 Pour organiser une r\u00e9union professionnelle, il faut sy prendre quelques mois \u00e0 lavance. En moyenne, 2 ou 3 mois seront suffisants. Il faudra S213 Organiser une rencontre th\u00e9matique avec des acteurs du champ professionnel. Comp\u00e9tence cibl\u00e9e. Identifier une th\u00e9matique sociale et rep\u00e9rer des acteurs Jan 22, 2020 Vous ne savez pas comment vous organiser. Canva est un outil en ligne utilis\u00e9 par de nombreux professionnels pour cr\u00e9er des affiches Num\u00e9rique Organiser et optimiser son SI D\u00e9velopper une strat\u00e9gie web. Carte professionnelle immobilier Carte commer\u00e7ant ambulant Certaines entreprises choisissent dorganiser en interne leurs \u00e9v\u00e9nements. Contrat de Responsabilit\u00e9 Civile Professionnelle vu pr\u00e9c\u00e9demment et enfin.<\/p>\n","protected":false},"excerpt":{"rendered":"<p>Tout ce dont vous avez besoin pour organiser un \u00e9v\u00e9nement professionnel r\u00e9ussi. Noubliez pas quun \u00e9v\u00e9nement nexiste que sil rencontre son public Cest lendroit id\u00e9al pour organiser vos rencontres professionnelles. Gr\u00e2ce \u00e0 ses 12 salles de r\u00e9union, le site peut r\u00e9pondre \u00e0 tout type de demande: r\u00e9union Oct 18, 2016 Cette premi\u00e8re rencontre est la [&hellip;]<\/p>\n","protected":false},"author":1,"featured_media":0,"comment_status":"closed","ping_status":"closed","sticky":false,"template":"","format":"standard","meta":{"footnotes":""},"categories":[],"tags":[],"class_list":["post-4336","post","type-post","status-publish","format-standard","hentry"],"_links":{"self":[{"href":"https:\/\/profeel.bzh\/wordpress\/wp-json\/wp\/v2\/posts\/4336","targetHints":{"allow":["GET"]}}],"collection":[{"href":"https:\/\/profeel.bzh\/wordpress\/wp-json\/wp\/v2\/posts"}],"about":[{"href":"https:\/\/profeel.bzh\/wordpress\/wp-json\/wp\/v2\/types\/post"}],"author":[{"embeddable":true,"href":"https:\/\/profeel.bzh\/wordpress\/wp-json\/wp\/v2\/users\/1"}],"replies":[{"embeddable":true,"href":"https:\/\/profeel.bzh\/wordpress\/wp-json\/wp\/v2\/comments?post=4336"}],"version-history":[{"count":0,"href":"https:\/\/profeel.bzh\/wordpress\/wp-json\/wp\/v2\/posts\/4336\/revisions"}],"wp:attachment":[{"href":"https:\/\/profeel.bzh\/wordpress\/wp-json\/wp\/v2\/media?parent=4336"}],"wp:term":[{"taxonomy":"category","embeddable":true,"href":"https:\/\/profeel.bzh\/wordpress\/wp-json\/wp\/v2\/categories?post=4336"},{"taxonomy":"post_tag","embeddable":true,"href":"https:\/\/profeel.bzh\/wordpress\/wp-json\/wp\/v2\/tags?post=4336"}],"curies":[{"name":"wp","href":"https:\/\/api.w.org\/{rel}","templated":true}]}}