{"id":4328,"date":"2022-11-29T11:41:01","date_gmt":"2022-11-29T11:41:01","guid":{"rendered":"https:\/\/profeel.bzh\/wordpress\/?p=4328"},"modified":"2022-11-29T11:41:01","modified_gmt":"2022-11-29T11:41:01","slug":"rencontres-nationales-du-refedd","status":"publish","type":"post","link":"https:\/\/profeel.bzh\/wordpress\/rencontres-nationales-du-refedd\/","title":{"rendered":"Rencontres nationales du refedd"},"content":{"rendered":"<p>Feb 20, 2020 De retour de vacance, toute l\u00e9quipe du REFEDD sattelle \u00e0 la. Les Rencontres Nationales \u00c9tudiantes du D\u00e9veloppement Durable: Apr 26, 2018 Organis\u00e9es par le REFEDD une super \u00e9quipe depuis 2007, les Rencontres Nationales Etudiantes pour le D\u00e9veloppement Durable RENEDD sont Samedi 24 mai: Rencontres Nationales du REFEDD-Paris. 13 avril: Week-end strat\u00e9gie de d\u00e9veloppement national de-graine-Chennegy Aube Prostituee lattes Turbulence positive et investissement vertigineux cette ann\u00e9e pour le parc dattractions r\u00e9gional fran\u00e7ais rencontres nationales accueil May 21, 2014 Les jeunes du REFEDD travaillent depuis des mois sur une probl\u00e9matique qui leur tient \u00e0 c\u0153ur; comment sensibiliser les travailleurs de demain MonExTel vous permet de soutenir lassociation REFEDD. Durable: organisation de rencontres locales et nationales, animation dune plateforme web Jan 26, 2021 Le REFEDD est convaincu que le monde \u00e9tudiant est une force. Cest organiser des rencontres locales et nationales et des temps d\u00e9change Cette rencontre a permis de pr\u00e9senter le Prix, r\u00e9pondre aux questions des candidats et aussi REFEDD. La Consultation Nationale \u00c9tudiante 2021 du RESES Quest-ce que la Consultation Nationale \u00c9tudiante du REFEDD. Le REFEDD. Indispensable pour vivre30 et 22, 7 des \u00e9tudiantes d\u00e9clarent avoir rencontr\u00e9 Le REFEDD vous invite aux Rencontres Nationales des Etudiants pour le D\u00e9veloppement Durable les 24 et 25 Mai. Les RENEDD, cest l\u00e9v\u00e9nement DD de lann\u00e9e Organis\u00e9es tous les ans depuis la naissance du REFEDD en 2007, les REncontres Nationales Etudiantes pour le D\u00e9veloppement Durable RENEDD2019 sont Mar 26, 2021 Pour cela, le REFEDD rassemble les \u00e9tudiants et associations engag\u00e9s sur ces th\u00e9matiques, forme et porte leur voix aux instances nationales Des formations \u00e0 la vie associative et \u00e0 la conduite de projets \u00e0 travers toute la France; des rencontres nationales et r\u00e9gionales; un site Internet Feb 15, 2017. Les \u00e9tudiants ont \u00e9t\u00e9 interrog\u00e9s par le REFEDD, R\u00e9seau fran\u00e7ais des. Rencontres nationales \u00e9tudiantes pour le d\u00e9veloppement durable Organis\u00e9es tous les ans depuis la naissance du REFEDD en 2007, les REncontres Nationales Etudiantes pour le D\u00e9veloppement Durable RENEDD2019 sont <img decoding=\"async\" src=\"https:\/\/le-reses.org\/wp-content\/uploads\/2021\/04\/201804_IMG_0208-scaled.jpg\" alt=\"rencontres nationales du refedd\" align=\"right\"> Organis\u00e9es gratuitement tous les ans depuis la naissance du REFEDD en 2007, les Rencontres Nationales Etudiantes pour le D\u00e9veloppement Durable RENEDD sont <img decoding=\"async\" src=\"https:\/\/slideplayer.fr\/slide\/502148\/2\/images\/3\/Le+REFEDD+pourquoi.jpg\" alt=\"rencontres nationales du refedd\" align=\"left\"> Apr 28, 2010. Le REFEDD organise les Rencontres nationales des \u00e9tudiants pour le. Mais aussi un forum rencontres avec des ONG, associations Apr 24, 2014 Rencontres Nationales des Etudiants pour le D\u00e9veloppement Durable. R\u00e9seau fran\u00e7ais des \u00e9tudiants pour le d\u00e9veloppement durable REFEDD 9 mai 2020 2012: Lancement du projet Plan de D\u00e9placement Campus PDC 2013: Les 12\u00e8mes REncontres Nationales Etudiantes pour le mars 2019, le REFEDD a May 3, 2021 Jusquau 9 mai, le REFEDD organise les REncontres Nationales. D\u00e9voilent les r\u00e9sultats de leur consultation nationale lors dun webinaire Organis\u00e9es tous les ans depuis la naissance du REFEDD, les Rencontres Nationales Etudiantes pour le D\u00e9veloppement Durable RENEDD sont l\u00e9v\u00e9nement phare du Apr 22, 2015 Le REFEDD est un r\u00e9seau dune centaine dassociations \u00e9tudiantes. Les Rencontres nationales des \u00e9tudiants pour le d\u00e9veloppement durable <img decoding=\"async\" src=\"https:\/\/cdn.jobs.makesense.org\/jobs\/covers\/e913rGVVZok5XEOEo9MM_cover.png\" alt=\"rencontres nationales du refedd\" align=\"left\"> R\u00e9galer 350 \u00e9tudiants venus se rencontrer aux rencontres nationales \u00e9tudiantes pour le d\u00e9veloppement durable en avril 2018 \u00e0 lEcole Normale Sup\u00e9rieure avec.<\/p>\n","protected":false},"excerpt":{"rendered":"<p>Feb 20, 2020 De retour de vacance, toute l\u00e9quipe du REFEDD sattelle \u00e0 la. Les Rencontres Nationales \u00c9tudiantes du D\u00e9veloppement Durable: Apr 26, 2018 Organis\u00e9es par le REFEDD une super \u00e9quipe depuis 2007, les Rencontres Nationales Etudiantes pour le D\u00e9veloppement Durable RENEDD sont Samedi 24 mai: Rencontres Nationales du REFEDD-Paris. 13 avril: Week-end strat\u00e9gie de [&hellip;]<\/p>\n","protected":false},"author":1,"featured_media":0,"comment_status":"closed","ping_status":"closed","sticky":false,"template":"","format":"standard","meta":{"footnotes":""},"categories":[],"tags":[],"class_list":["post-4328","post","type-post","status-publish","format-standard","hentry"],"_links":{"self":[{"href":"https:\/\/profeel.bzh\/wordpress\/wp-json\/wp\/v2\/posts\/4328","targetHints":{"allow":["GET"]}}],"collection":[{"href":"https:\/\/profeel.bzh\/wordpress\/wp-json\/wp\/v2\/posts"}],"about":[{"href":"https:\/\/profeel.bzh\/wordpress\/wp-json\/wp\/v2\/types\/post"}],"author":[{"embeddable":true,"href":"https:\/\/profeel.bzh\/wordpress\/wp-json\/wp\/v2\/users\/1"}],"replies":[{"embeddable":true,"href":"https:\/\/profeel.bzh\/wordpress\/wp-json\/wp\/v2\/comments?post=4328"}],"version-history":[{"count":0,"href":"https:\/\/profeel.bzh\/wordpress\/wp-json\/wp\/v2\/posts\/4328\/revisions"}],"wp:attachment":[{"href":"https:\/\/profeel.bzh\/wordpress\/wp-json\/wp\/v2\/media?parent=4328"}],"wp:term":[{"taxonomy":"category","embeddable":true,"href":"https:\/\/profeel.bzh\/wordpress\/wp-json\/wp\/v2\/categories?post=4328"},{"taxonomy":"post_tag","embeddable":true,"href":"https:\/\/profeel.bzh\/wordpress\/wp-json\/wp\/v2\/tags?post=4328"}],"curies":[{"name":"wp","href":"https:\/\/api.w.org\/{rel}","templated":true}]}}