{"id":4270,"date":"2022-11-29T11:36:07","date_gmt":"2022-11-29T11:36:07","guid":{"rendered":"https:\/\/profeel.bzh\/wordpress\/?p=4270"},"modified":"2022-11-29T11:36:07","modified_gmt":"2022-11-29T11:36:07","slug":"a-la-rencontre-des-lamas","status":"publish","type":"post","link":"https:\/\/profeel.bzh\/wordpress\/a-la-rencontre-des-lamas\/","title":{"rendered":"A la rencontre des lamas"},"content":{"rendered":"<p>Jun 17, 2021 Les troupeaux de lamas et dalpagas couvrent les flancs des montagnes andines p\u00e9ruviennes. Leurs bergers passent leur journ\u00e9e \u00e0 veiller sur <img decoding=\"async\" src=\"https:\/\/www.francejetequitte.com\/wp-content\/uploads\/2016\/12\/dsc3124.jpg\" alt=\"a la rencontre des lamas\" align=\"left\"> Dec 17, 2009 Pour tous les publics, la premi\u00e8re rencontre avec un lama provoque l\u00e9tonnement car peu de personnes ont lhabitude den rencontrer. Nous avons Jun 15, 2020 Les s\u00e9ances se d\u00e9roulent en pr\u00e9sence dIsabelle Barberot, dipl\u00f4m\u00e9e m\u00e9diatrice animale, dans son centre de zooth\u00e9rapie Le lama et ses Sep 12, 2016 Lancien ministre de lEconomie Emmanuel Macron a rencontr\u00e9 lundi \u00e0 Paris le dala\u00ef lama, comme en t\u00e9moigne une photo post\u00e9e sur son compte Var lamas est une ferme de lamas, nous proposons de venir faire une rencontre insolite pour une visite d\u00e9couverte et connaissance des lamas. Dans la Feb 2, 2015 Nous sommes oppos\u00e9s \u00e0 toute rencontre, quelle que soit sa forme, entre un dirigeant \u00e9tranger et le dala\u00ef lama, a d\u00e9clar\u00e9 Hong Lei Mar 11, 2020 On d\u00e9cide de mettre le cap sur la ferme des Lamas au col de. Chemise turquoise, sourire \u00e9clatant, Christian Gay vient \u00e0 notre rencontre Jul 22, 2021 La Chine ne serait pas la seule \u00e0 espionner le Dala\u00ef-Lama. Or cest justement peu avant cette rencontre que le client indien de NSO va Feb 21, 2010 Le pr\u00e9sident am\u00e9ricain, Barack Obama, a eu beau s\u00e9vertuer \u00e0 ne pas donner un tour trop officiel \u00e0 sa rencontre avec le dala\u00ef-lama Not\u00e9 5. Retrouvez \u00c0 la rencontre du dala\u00ef-lama et des millions de livres en stock sur Amazon Fr. Achetez neuf ou doccasion Dec 3, 2020 Cest un contr\u00f4le de routine qui sest transform\u00e9 en rencontre insolite: vendredi 27 novembre, les gendarmes dAire-sur-lAdour ont <img decoding=\"async\" src=\"https:\/\/api.cloudly.space\/resize\/clip\/782\/400\/80\/aHR0cHM6Ly9icmV0YWduZS5tZWRpYS50b3VyaW5zb2Z0LmV1L3VwbG9hZC9Jem1hLUJhbGFkZS1jb250ZWUtYS1sYW1hLTMuanBn\/image.jpg\" alt=\"a la rencontre des lamas\" align=\"right\"> Aug 13, 2011 Le chef spirituel des Tib\u00e9tains est pr\u00e9sent en France pour trois jours de conf\u00e9rences. Le dalai-lama a commence son enseignement devant des Serge Lama a dit oui pour la vie \u00e0 Luana cette ann\u00e9e. Dans une interview crois\u00e9e parue dans le nouveau Gala en kiosque le jeudi 11 Ils sont connus pour vous cracher dessus, des fois. Mais les lamas, ces animaux originaires du continent sud Feb 21, 2014 Tibet: Obama rencontre le dala\u00ef lama et exprime son soutien aux droits de lhomme. Le pr\u00e9sident a r\u00e9it\u00e9r\u00e9 son soutien appuy\u00e9 Dec 4, 2014 Bernard Lama \u00e0 la rencontre dun jeune Dogue. Partager cet article. Facebook Tweeter. Avant LOSCPSG, lancien Dogue et Parisien a rendu Sep 7, 2016 Olivier a r\u00e9alis\u00e9 ses premi\u00e8res photos du Dala\u00ef-lama en 2000 dans la vall\u00e9e du Spiti, en Inde du Nord. Olivier Adam suit les d\u00e9placements du Il est temps de conna\u00eetre le lama qui se cache derri\u00e8re le masque. Faites la connaissance de la superstar incontestable de LEGO VIDIYO, le cr\u00e9ateur de P\u00e9kin avertit Paris que leurs relations commerciales pourraient \u00eatre affect\u00e9es par la rencontre entre le pr\u00e9sident fran\u00e7ais et le chef spirituel tib\u00e9tain Malgr\u00e9 la pression Chinoise, Carla Bruni sentretiendra aujourdhui avec le dala\u00ef-lama apr\u00e8s linauguration dun temple bouddhiste dans lH\u00e9rault Dec 4, 2008 La Chine, m\u00e9contente de la rencontre pr\u00e9vue samedi entre le pr\u00e9sident fran\u00e7ais Nicolas Sarkozy et le dala\u00ef-lama, avertit la France que les Feb 2, 2010. La perspective dune rencontre entre Barack Obama et le Dala\u00ef Lama dans les prochaines semaines provoque une nouvelle pouss <img decoding=\"async\" src=\"https:\/\/lemagdesanimaux.ouest-france.fr\/images\/dossiers\/2020-12\/mini\/lama-084143-650-400.jpg\" alt=\"a la rencontre des lamas\" align=\"left\"> Feb 15, 2008 Retrouvez tous les articles, \u00e9missions et podcasts de France Culture autour du livre: A la rencontre du dala\u00ef-lama de Rapha\u00ebl Liogier Depuis 2002, il \u00e9l\u00e8ve des lamas dans ses patures. Il en poss\u00e8de d\u00e9sormais 17. Contrairement \u00e0 la rumeur, le lama.<\/p>\n","protected":false},"excerpt":{"rendered":"<p>Jun 17, 2021 Les troupeaux de lamas et dalpagas couvrent les flancs des montagnes andines p\u00e9ruviennes. Leurs bergers passent leur journ\u00e9e \u00e0 veiller sur Dec 17, 2009 Pour tous les publics, la premi\u00e8re rencontre avec un lama provoque l\u00e9tonnement car peu de personnes ont lhabitude den rencontrer. Nous avons Jun 15, 2020 Les s\u00e9ances se [&hellip;]<\/p>\n","protected":false},"author":1,"featured_media":0,"comment_status":"closed","ping_status":"closed","sticky":false,"template":"","format":"standard","meta":{"footnotes":""},"categories":[],"tags":[],"class_list":["post-4270","post","type-post","status-publish","format-standard","hentry"],"_links":{"self":[{"href":"https:\/\/profeel.bzh\/wordpress\/wp-json\/wp\/v2\/posts\/4270","targetHints":{"allow":["GET"]}}],"collection":[{"href":"https:\/\/profeel.bzh\/wordpress\/wp-json\/wp\/v2\/posts"}],"about":[{"href":"https:\/\/profeel.bzh\/wordpress\/wp-json\/wp\/v2\/types\/post"}],"author":[{"embeddable":true,"href":"https:\/\/profeel.bzh\/wordpress\/wp-json\/wp\/v2\/users\/1"}],"replies":[{"embeddable":true,"href":"https:\/\/profeel.bzh\/wordpress\/wp-json\/wp\/v2\/comments?post=4270"}],"version-history":[{"count":0,"href":"https:\/\/profeel.bzh\/wordpress\/wp-json\/wp\/v2\/posts\/4270\/revisions"}],"wp:attachment":[{"href":"https:\/\/profeel.bzh\/wordpress\/wp-json\/wp\/v2\/media?parent=4270"}],"wp:term":[{"taxonomy":"category","embeddable":true,"href":"https:\/\/profeel.bzh\/wordpress\/wp-json\/wp\/v2\/categories?post=4270"},{"taxonomy":"post_tag","embeddable":true,"href":"https:\/\/profeel.bzh\/wordpress\/wp-json\/wp\/v2\/tags?post=4270"}],"curies":[{"name":"wp","href":"https:\/\/api.w.org\/{rel}","templated":true}]}}