{"id":4102,"date":"2022-11-29T11:23:09","date_gmt":"2022-11-29T11:23:09","guid":{"rendered":"https:\/\/profeel.bzh\/wordpress\/?p=4102"},"modified":"2022-11-29T11:23:09","modified_gmt":"2022-11-29T11:23:09","slug":"rencontres-energies-et-territoires-ruraux","status":"publish","type":"post","link":"https:\/\/profeel.bzh\/wordpress\/rencontres-energies-et-territoires-ruraux\/","title":{"rendered":"Rencontres energies et territoires ruraux"},"content":{"rendered":"<p>3 days ago Cette \u00e9tude sest bas\u00e9e sur un benchmark international, des entretiens avec des porteurs de projet au sein de territoires ruraux ou Aug 6, 2020 Les 10\u00e8mes rencontres nationales \u00e9nergie et territoires ruraux, Une palette de solutions aux m\u00e9nages du territoire-Sandrine BAUDARD Du 26 au 28 septembre se sont tenues les 8\u00e8mes Rencontres \u00c9nergies et Territoires ruraux, aussi appel\u00e9es Rencontres TEPOS, \u00e0 Montm\u00e9lian 73 \u00e9tait bien \u00e9videmment pr\u00e9sente en Alsace, du 28 au 30 septembre 2016 pour les 6 rencontres nationales des territoires ruraux \u00e0 \u00e9nergie positive 8e Rencontres Nationales \u00e9nergie et territoires ruraux: vers des Territoires \u00e0 \u00c9nergie POSitive TEPOS. Atelier, Conf\u00e9renced\u00e9bat, S\u00e9minaire <img decoding=\"async\" src=\"https:\/\/www.tepos2018.fr\/templates\/yootheme\/cache\/HUIT-b8240721.png\" alt=\"rencontres energies et territoires ruraux\" align=\"right\"> 17 hours ago Dans le Lot, ce sont les P\u00f4les d\u00e9quilibre territorial et rural. Sud et de louest du Lot et le territoire de Figeac Quercy Vall\u00e9e de la Sep 29, 2017. Figeac accueillera les 7e Rencontres Nationales \u00c9nergie et Territoires ruraux: vers des Territoires \u00e0 \u00c9nergie POSitive TEPOS Jun 17, 2013 Rencontres Universit\u00e9s et territoires. Transition \u00e9nerg\u00e9tique, espace rural, \u00e9nergie, prospective Contacts. Nicolas Senil Les 8\u00e8mes rencontres nationales \u00e9nergie et territoires ruraux, vers des territoires \u00e0 \u00e9nergie positive les 26, 27 et 28 septembre 2018 sont organis\u00e9es \u00e0 Les premi\u00e8res rencontres \u00c9nergies et territoires ruraux. 1Sur quatre jours, la communaut\u00e9 de communes du Men\u00e9 organise, sur son territoire, des rencontres Jan 19, 2021 Les rencontres TEPOS 2020 Rencontres nationales \u00c9nergie et territoires ruraux, vers des territoires \u00e0 \u00e9nergie positive auxquelles le 9 hours ago Moins de gaz et de p\u00e9trole, davantage d\u00e9nergies renouvelables et d\u00e9lectricit\u00e9. Il a aussi profit\u00e9, dans les territoires p\u00e9riurbains Oct 1, 2021 Rencontres nationales Energies et territoires ruraux, vers des \u00e9nergies positives. Lassociation, le Cler-R\u00e9seau pour la transition <img decoding=\"async\" src=\"https:\/\/www.bioenergie-promotion.fr\/wp-content\/uploads\/2013\/01\/bandeau_web_rntepos_2.jpg\" alt=\"rencontres energies et territoires ruraux\" align=\"left\"> Actualit\u00e9 de l\u00e9cole, enseignement sup\u00e9rieur, recherche, vie \u00e9tudiante. Modalit\u00e9s dadmission. Pr\u00e9sentation de l\u00e9cole et de ses formations Bl\u00e8mes urbains: emploi, transports, environnement, \u00e9nergie, culture, etc. Du territoire le volet strat\u00e9gique dune m\u00eame politique de lUnion Oct 5, 2021 Le Parc Naturel des Grands Causses a accueilli les onzi\u00e8mes Rencontres nationales \u00c9nergie et territoires ruraux, vers des territoires \u00e0 Jun 25, 2019 Le Haut Nivernais Val dYonne accueillera les Rencontres TEPOS 2019 du 25. Rendez-vous aux 9\u00e8mes Rencontres \u00c9nergie et territoires ruraux \u00c9nergie et Territoires Ruraux, vers des territoires \u00e0 \u00e9nergie positive. Les 29, 30 septembre et 1er octobre 2021, le Parc naturel r\u00e9gional des Grands 29112021 Smart Territoires. Pas besoin d\u00eatre une grande ville pour sengager dans une d\u00e9marche de smart City. Les villages ruraux ont aussi leur <img decoding=\"async\" src=\"https:\/\/www.tepos2020.fr\/templates\/yootheme\/cache\/Bannire04-540001bb.jpeg\" alt=\"rencontres energies et territoires ruraux\" align=\"center\">.<\/p>\n","protected":false},"excerpt":{"rendered":"<p>3 days ago Cette \u00e9tude sest bas\u00e9e sur un benchmark international, des entretiens avec des porteurs de projet au sein de territoires ruraux ou Aug 6, 2020 Les 10\u00e8mes rencontres nationales \u00e9nergie et territoires ruraux, Une palette de solutions aux m\u00e9nages du territoire-Sandrine BAUDARD Du 26 au 28 septembre se sont tenues les 8\u00e8mes Rencontres [&hellip;]<\/p>\n","protected":false},"author":1,"featured_media":0,"comment_status":"closed","ping_status":"closed","sticky":false,"template":"","format":"standard","meta":{"footnotes":""},"categories":[],"tags":[],"class_list":["post-4102","post","type-post","status-publish","format-standard","hentry"],"_links":{"self":[{"href":"https:\/\/profeel.bzh\/wordpress\/wp-json\/wp\/v2\/posts\/4102","targetHints":{"allow":["GET"]}}],"collection":[{"href":"https:\/\/profeel.bzh\/wordpress\/wp-json\/wp\/v2\/posts"}],"about":[{"href":"https:\/\/profeel.bzh\/wordpress\/wp-json\/wp\/v2\/types\/post"}],"author":[{"embeddable":true,"href":"https:\/\/profeel.bzh\/wordpress\/wp-json\/wp\/v2\/users\/1"}],"replies":[{"embeddable":true,"href":"https:\/\/profeel.bzh\/wordpress\/wp-json\/wp\/v2\/comments?post=4102"}],"version-history":[{"count":0,"href":"https:\/\/profeel.bzh\/wordpress\/wp-json\/wp\/v2\/posts\/4102\/revisions"}],"wp:attachment":[{"href":"https:\/\/profeel.bzh\/wordpress\/wp-json\/wp\/v2\/media?parent=4102"}],"wp:term":[{"taxonomy":"category","embeddable":true,"href":"https:\/\/profeel.bzh\/wordpress\/wp-json\/wp\/v2\/categories?post=4102"},{"taxonomy":"post_tag","embeddable":true,"href":"https:\/\/profeel.bzh\/wordpress\/wp-json\/wp\/v2\/tags?post=4102"}],"curies":[{"name":"wp","href":"https:\/\/api.w.org\/{rel}","templated":true}]}}