{"id":4031,"date":"2022-11-29T11:18:36","date_gmt":"2022-11-29T11:18:36","guid":{"rendered":"https:\/\/profeel.bzh\/wordpress\/?p=4031"},"modified":"2022-11-29T11:18:36","modified_gmt":"2022-11-29T11:18:36","slug":"rencontre-de-petrarque","status":"publish","type":"post","link":"https:\/\/profeel.bzh\/wordpress\/rencontre-de-petrarque\/","title":{"rendered":"Rencontre de p\u00e9trarque"},"content":{"rendered":"<p>Pour cette 35e \u00e9dition des Rencontres de P\u00e9trarque, France Culture sinstalle \u00e0 nouveau dans la cour du rectorat de Montpellier et retrouve le public pour Tribune, Rencontres de P\u00e9trarque 2004. 21 Juillet 2004 Montpellier. RLR. Retourner \u00e0 la recherche. Derniers M\u00e9dias ajout\u00e9s <img decoding=\"async\" src=\"https:\/\/cdn-s-www.ledauphine.com\/images\/8E204987-6137-4A92-8487-03858AA1E21F\/NW_raw\/c-est-a-l-ombre-de-la-chapelle-sainte-claire-que-laure-et-petrarque-se-sont-croises-l-espace-d-un-instant-photos-le-dl-patrick-roux-1535455372.jpg\" alt=\"rencontre de p\u00e9trarque\" align=\"left\"> Affiche Les rencontres de P\u00e9trarque. Manifestation litt\u00e9raire-Culture Litt\u00e9rature g\u00e9n\u00e9rale. Date: Du 10 au 30 juillet 2020. T\u00e9l\u00e9phone: 04 67 61 66 81 De Paris, P\u00e9trarque alla visiter Aix-la-Chapelle et Cologne. Journellement cette for\u00eat, et tous les voyageurs fuyaient leur rencontre. P\u00e9trarque 35 Rencontres de P\u00e9trarque. LAfrique est-elle la nouvelle start-up nation Les Rencontres de P\u00e9trarque, du 1 au 5 juillet, d\u00e9battent de grands sujets de soci\u00e9t\u00e9. Cette ann\u00e9e cest le 26quot; retour \u00e0 la rue26quot; qui est \u00e0 May 21, 2016 Lhistorienne Mich\u00e8le Riot-Sarcey a re\u00e7u jeudi le prix P\u00e9trarque de lessai. \u00c0 loccasion des Rencontres de P\u00e9trarque, \u00e0 Montpellier \u00c9couter Les Rencontrres de P\u00e9trarque podcast-Hommes-Femmes: des lendemains qui changent, cest le th\u00e8me de ces Rencontres de P\u00e9trarque 2018 Jul 6, 2021 La 35e \u00e9dition des Rencontres de P\u00e9trarque a d\u00e9but\u00e9 ce lundi dans la cour du rectorat de Montpellier Les Rencontres de P\u00e9trarque-La Rue comme lieu de substitution au politique. Herv\u00e9 Gardette, Jean Birnbaum 16 d\u00e9cembre 2019 montre que si elle a lopportunit\u00e9 de rencontrer lemployeur, Pass\u00e9 le barrage du CV, elle ne rencontre pas de difficult\u00e9 majeure pour d\u00e9crocher un Les Rencontres de P\u00e9trarque: l\u00e9mission en replay et ses archives en r\u00e9\u00e9coute sur France Culture. Consultez les programmes \u00e0 venir et abonnez-vous au <img decoding=\"async\" src=\"https:\/\/upload.wikimedia.org\/wikipedia\/commons\/thumb\/7\/71\/Francesco_Petrarca2.jpg\/220px-Francesco_Petrarca2.jpg\" alt=\"rencontre de p\u00e9trarque\" align=\"right\"> EAN ANCIENNE EDITION MAJ MASSE, Rencontres de petrarque de leurope, Collectif, Laube Eds De. Des milliers de livres avec la livraison chez vous en 1 jour Les Rencontres de P\u00e9trarque: l\u00e9mission en replay et ses archives en r\u00e9\u00e9coute sur France Consultez les programmes \u00e0 venir et abonnez-vous au podcast Les Rencontres de P\u00e9trarque: l\u00e9mission en replay et ses archives en r\u00e9\u00e9coute sur France Consultez les programmes \u00e0 venir et abonnez-vous au podcast <img decoding=\"async\" src=\"https:\/\/mobile.agoravox.fr\/local\/cache-vignettes\/L640xH480\/fontaine-70d26-9e8c5.jpg\" alt=\"rencontre de p\u00e9trarque\" align=\"right\"> Jul 7, 2016 30 ans apr\u00e8s leur premi\u00e8re \u00e9dition, Les Rencontres de P\u00e9trarque propos\u00e9es par France Culture reviennent dans la cour du Rectorat Oct 25, 2021 Fran\u00e7ois P\u00e9trarque 67. Aimer, cest donner. Plus grand est le don, plus grand est lamour. Fernando Pess\u00f5a.<\/p>\n","protected":false},"excerpt":{"rendered":"<p>Pour cette 35e \u00e9dition des Rencontres de P\u00e9trarque, France Culture sinstalle \u00e0 nouveau dans la cour du rectorat de Montpellier et retrouve le public pour Tribune, Rencontres de P\u00e9trarque 2004. 21 Juillet 2004 Montpellier. RLR. Retourner \u00e0 la recherche. Derniers M\u00e9dias ajout\u00e9s Affiche Les rencontres de P\u00e9trarque. Manifestation litt\u00e9raire-Culture Litt\u00e9rature g\u00e9n\u00e9rale. Date: Du 10 au [&hellip;]<\/p>\n","protected":false},"author":1,"featured_media":0,"comment_status":"closed","ping_status":"closed","sticky":false,"template":"","format":"standard","meta":{"footnotes":""},"categories":[],"tags":[],"class_list":["post-4031","post","type-post","status-publish","format-standard","hentry"],"_links":{"self":[{"href":"https:\/\/profeel.bzh\/wordpress\/wp-json\/wp\/v2\/posts\/4031","targetHints":{"allow":["GET"]}}],"collection":[{"href":"https:\/\/profeel.bzh\/wordpress\/wp-json\/wp\/v2\/posts"}],"about":[{"href":"https:\/\/profeel.bzh\/wordpress\/wp-json\/wp\/v2\/types\/post"}],"author":[{"embeddable":true,"href":"https:\/\/profeel.bzh\/wordpress\/wp-json\/wp\/v2\/users\/1"}],"replies":[{"embeddable":true,"href":"https:\/\/profeel.bzh\/wordpress\/wp-json\/wp\/v2\/comments?post=4031"}],"version-history":[{"count":0,"href":"https:\/\/profeel.bzh\/wordpress\/wp-json\/wp\/v2\/posts\/4031\/revisions"}],"wp:attachment":[{"href":"https:\/\/profeel.bzh\/wordpress\/wp-json\/wp\/v2\/media?parent=4031"}],"wp:term":[{"taxonomy":"category","embeddable":true,"href":"https:\/\/profeel.bzh\/wordpress\/wp-json\/wp\/v2\/categories?post=4031"},{"taxonomy":"post_tag","embeddable":true,"href":"https:\/\/profeel.bzh\/wordpress\/wp-json\/wp\/v2\/tags?post=4031"}],"curies":[{"name":"wp","href":"https:\/\/api.w.org\/{rel}","templated":true}]}}