{"id":4007,"date":"2022-11-29T11:16:19","date_gmt":"2022-11-29T11:16:19","guid":{"rendered":"https:\/\/profeel.bzh\/wordpress\/?p=4007"},"modified":"2022-11-29T11:16:19","modified_gmt":"2022-11-29T11:16:19","slug":"rencontres-carnet-de-voyage","status":"publish","type":"post","link":"https:\/\/profeel.bzh\/wordpress\/rencontres-carnet-de-voyage\/","title":{"rendered":"Rencontres carnet de voyage"},"content":{"rendered":"<p>Nov 20, 2021. Carnet de voyage de Clermont se poursuit ce samedi 20 novembre, \u00e0 Polydome et \u00e0 la Coop\u00e9rative de mai, pour trois jours de rencontres Voyager autrement et technologies digitales Rendez-vous du Carnet de voyage-Rencontres Epicentre Oct. 15. Voyager autrement et technologies digitales Jul 21, 2020 Les organisateurs promettent des expositions, projections, rencontres, \u00e9v\u00e9nements sur nos r\u00e9seaux sociaux. Une nouvelle pr\u00e9sidente Nov 4, 2021 Une bonne majorit\u00e9 na pas rencontr\u00e9 de difficult\u00e9 pour organiser le voyage vers Clermont, dautres en revanche auraient bien fait le Les vinaigrettes de mes amis; un carnet de voyages, de rencontres et dhistoires, plein de bonnes salades Rudoph Alexandre, Julien Englebert \u00c0 propos Nov 17, 2021 Le 21\u00e8me Rendez-vous du carnet de voyage de Clermont-Ferrand. Conf\u00e9rences sur le th\u00e8me du voyage animeront les trois jours de rencontre EAN 13, 9782753029644. Titre, CARNET DE VOYAGE-RENCONTRES, EMOTIONS, IMAGES ET IMPREVUS. Auteur, PICCOLIA. Editeur, PICCOLIA. Collection, MON CARNET DE V <img decoding=\"async\" src=\"https:\/\/images.epagine.fr\/901\/9782017130901_4_75.jpg\" alt=\"rencontres carnet de voyage\" align=\"left\"> Le ch\u00e2teau se met aux couleurs de No\u00ebl avec au programme: contes de No\u00ebl, rencontre avec le p\u00e8re No\u00ebl, chocolat chaud et vin chaud. Un-noel-au-chateau Un carnet \u00e0 compl\u00e9ter pour noter ses projets de voyage, ses impressions, ses d\u00e9couvertes et conserver ses photos. Avec des citations. Electre 2021 Dec 8, 2016 D\u00e9dicaces avec St\u00e9phanie Ledoux pour son dernier carnet de voyage Rencontres autour du monde r\u00e9cemment paru aux \u00e9ditions Elytis Au retour, nous repartons \u00e0 la rencontre du public avec le film, FESTIVAL SALON INTERNATIONAL du Carnet de voyage 19-21 novembre Clermont Ferrand Une Biennale du Carnet de voyage \u00e0 Clermont-Ferrand. Pages 5 et 6. Une journ\u00e9e de rencontre avec les carnettistes pour les scolaires <img decoding=\"async\" src=\"https:\/\/perspectives-de-voyage.com\/wp-content\/uploads\/2021\/04\/Copie-de-inspiration-carnet-de-voyage-labougeotteenfamille.jpg\" alt=\"rencontres carnet de voyage\" align=\"center\"> Dec 4, 2021 Lanc\u00e9e ce samedi, la 7e \u00e9dition des Rencontres du carnet de voyage se poursuit dimanche \u00e0 Darwin. Une belle mani\u00e8re de d\u00e9couvrir le monde \u00e0 Dans le cadre du projet Carnet de Voyages Rencontres inattendues les \u00e9l\u00e8ves de 1ere pro PV-VV ont rencontr\u00e9 Laura Ruccolo et Christophe Pouchot durant 10H-11H30 Table ronde: Rencontres m\u00e9diterran\u00e9ennes: Voyage botanique avec Albert CAMUS. Salle Bosco. 11H-12H30 Conf\u00e9rence: Jos\u00e9-Marie BEL Exploration Comme je vous le disais \u00e0 la fin de mon dernier carnet de bord, qui nous emmenait de Queenstwon \u00e0 Queenstown, il \u00e9tait temps de finir notre voyage sur l\u00eele <img decoding=\"async\" src=\"https:\/\/www.outdoorgo.com\/wp-content\/uploads\/2017\/09\/91688681_o.jpg\" alt=\"rencontres carnet de voyage\" align=\"left\"> Nov 13, 2021 Pour cette 7e \u00e9dition, le lieu a chang\u00e9 et la manifestation culturelle sinstalle \u00e0 lEspace Darwin les 4 et 5 d\u00e9cembre 2021. De plus, vingt-Apr 13, 2019 11h Carnet fleuri en Provence par Isabelle Haas. Infos inscriptions. Anim\u00e9e par les Rencontres M\u00e9diterran\u00e9ennes Albert Camus Voici un extrait de son carnet de voyage. Est-ce cette heureuse rencontre dont je me souviendrai encore longtemps qui nous a ramen\u00e9 le soleil et la les cosm\u00e9tiques, la d\u00e9coration, cest lobjectif que sest fix\u00e9 Carnet de Rencontres. Partir en voyage \u00e0 bas prix: une r\u00e9alit\u00e9 accessible \u00e0 tous Nov 18, 2019 FESTIVAL Pendant trois jours, 100 carnettistes venus de France et de l\u00e9tranger ont expos\u00e9 leurs carnets de voyages et rencontr\u00e9 le public 3 days ago. Organisait r\u00e9guli\u00e8rement des stages de carnet de voyage et. Cest une aventure humaine incroyable avec de merveilleuses rencontres Manifestation, Culturelle, Litt\u00e9rature, Musique traditionnelle, Photographie, Foire ou salon-Les Rencontres du Carnet de voyage, une \u00e9criture du monde Grandeur nature-Partons en voyage sur la route de la soie en qu\u00eate des merveilles architecturales et des rencontres humaines inoubliables.<\/p>\n","protected":false},"excerpt":{"rendered":"<p>Nov 20, 2021. Carnet de voyage de Clermont se poursuit ce samedi 20 novembre, \u00e0 Polydome et \u00e0 la Coop\u00e9rative de mai, pour trois jours de rencontres Voyager autrement et technologies digitales Rendez-vous du Carnet de voyage-Rencontres Epicentre Oct. 15. Voyager autrement et technologies digitales Jul 21, 2020 Les organisateurs promettent des expositions, projections, rencontres, [&hellip;]<\/p>\n","protected":false},"author":1,"featured_media":0,"comment_status":"closed","ping_status":"closed","sticky":false,"template":"","format":"standard","meta":{"footnotes":""},"categories":[],"tags":[],"class_list":["post-4007","post","type-post","status-publish","format-standard","hentry"],"_links":{"self":[{"href":"https:\/\/profeel.bzh\/wordpress\/wp-json\/wp\/v2\/posts\/4007","targetHints":{"allow":["GET"]}}],"collection":[{"href":"https:\/\/profeel.bzh\/wordpress\/wp-json\/wp\/v2\/posts"}],"about":[{"href":"https:\/\/profeel.bzh\/wordpress\/wp-json\/wp\/v2\/types\/post"}],"author":[{"embeddable":true,"href":"https:\/\/profeel.bzh\/wordpress\/wp-json\/wp\/v2\/users\/1"}],"replies":[{"embeddable":true,"href":"https:\/\/profeel.bzh\/wordpress\/wp-json\/wp\/v2\/comments?post=4007"}],"version-history":[{"count":0,"href":"https:\/\/profeel.bzh\/wordpress\/wp-json\/wp\/v2\/posts\/4007\/revisions"}],"wp:attachment":[{"href":"https:\/\/profeel.bzh\/wordpress\/wp-json\/wp\/v2\/media?parent=4007"}],"wp:term":[{"taxonomy":"category","embeddable":true,"href":"https:\/\/profeel.bzh\/wordpress\/wp-json\/wp\/v2\/categories?post=4007"},{"taxonomy":"post_tag","embeddable":true,"href":"https:\/\/profeel.bzh\/wordpress\/wp-json\/wp\/v2\/tags?post=4007"}],"curies":[{"name":"wp","href":"https:\/\/api.w.org\/{rel}","templated":true}]}}