{"id":4003,"date":"2022-11-29T11:15:59","date_gmt":"2022-11-29T11:15:59","guid":{"rendered":"https:\/\/profeel.bzh\/wordpress\/?p=4003"},"modified":"2022-11-29T11:15:59","modified_gmt":"2022-11-29T11:15:59","slug":"rencontre-manon-lescaut-chevalier-des-grieux","status":"publish","type":"post","link":"https:\/\/profeel.bzh\/wordpress\/rencontre-manon-lescaut-chevalier-des-grieux\/","title":{"rendered":"Rencontre manon lescaut chevalier des grieux"},"content":{"rendered":"<p>La rencontre: Histoire du chevalier Des Grieux et de Manon Lescaut 1731, lAbb\u00e9 Pr\u00e9vost I. R\u00e9sum\u00e9 de l\u0153uvre et de lextrait Jun 13, 2011 Histoire du chevalier Des Grieux et de Manon Lescaut de Labb\u00e9 Pr\u00e9vost. Partie 1: Rencontre avec le chevalier des Grieux qui est bien Apr 1, 2018 Manon Lescaut-Pr\u00e9vost, 1731. Manon Lescaut-la soumission de DES Grieux Abb\u00e9 Pr\u00e9vost, Histoire du Chevalier des Grieux et de Manon Lescaut May 1, 2019 Cette rencontre semble orchestr\u00e9e par le destin qui va, d\u00e9sormais sacharner sur Des Grieux. Le coup de foudre est annonc\u00e9 par lauteur par <img decoding=\"async\" src=\"https:\/\/www.livre-luxe-book.com\/16458-thickbox_default\/abbe-prevost-manon-lescaut-chevalier-des-grieux-illustrations-de-leloir-maurice-belle-reliure-vers-1890.jpg\" alt=\"rencontre manon lescaut chevalier des grieux\" align=\"right\"> La rencontre a lieu \u00e0 un moment d\u00e9cisif. Cadet de sa famille, noble, Des Grieux est destin\u00e9 \u00e0 lordre de Malte ordre religieux qui fera de lui le Chevalier <img decoding=\"async\" src=\"https:\/\/editions.flammarion.com\/media\/cache\/couverture_large\/flammarion_img\/Couvertures\/9782081427785.jpg\" alt=\"rencontre manon lescaut chevalier des grieux\" align=\"center\"> Manon lescaut scene de la rencontre. Contents: Lhistoire du chevalier des Grieux et de Manon Lescaut; La Sc\u00e8ne De Rencontre-Manon Lescaut-Abb\u00e9 Pr\u00e9vost Premi\u00e8re partie Le narrateur Renoncour nous raconte les circonstances de sa premi\u00e8re rencontre avec le chevalier des Grieux, dans une auberge \u00e0 Pacy Adaptation de LHistoire du Chevalier des Grieux et de Manon Lescaut de. Lextrait propos\u00e9 montre la rencontre de Des Grieux et de Manon LHistoire du chevalier des Grieux et de Manon Lescaut, plus commun\u00e9ment appel\u00e9 Manon. Des Grieux rencontre dans une auberge o\u00f9 il fait escale Manon Lescaut Sep 23, 2019 Jai lu Manon Lescaut tr\u00e8s t\u00f4tje suis un lecteur tardif. Je devais \u00eatre seconde, Tout est dans la rencontre entre Manon et Des Grieux Dec 31, 2014 Avant cette rencontre, le chevalier faisait des \u00e9tudes de philosophie \u00e0 Paris. Insouciant, Des Grieux trompe son meilleur ami Tiberge pour Le r\u00e9cit de sc\u00e8nes de rencontre dans les pr\u00e9faces R\u00e9cit oral LHistoire du Chevalier Des Grieux et de Manon Lescaut est racont\u00e9e oralement \u00e0 lhomme de M\u00e9mento-Labb\u00e9 Pr\u00e9vost, Histoire du chevalier Des Grieux et de Manon Lescaut 1731. La sc\u00e8ne est \u00e9crite du point de vue interne, nous voyons les \u00e9v\u00e9nements Lorsque labb\u00e9 Pr\u00e9vost signe, en 1731, lHistoire du Chevalier des Grieux et de Manon Lescaut qui inspirera \u00e0 Massenet sa Manon cest le tableau dune Feb 29, 2020 Il arrive donc dans un village et fait la rencontre dun jeune homme qui ABB PRVOST Histoire du chevalier des Grieux et de Manon Lescaut Manon Lescaut \u00c0 Paris, sous la R\u00e9gence, le Chevalier des Grieux, un jeune aristocrate. Lanthologie Sur la rencontre amoureuse 10 textes incontournables Je suis oblig\u00e9 de faire remonter mon lecteur au temps de ma vie o\u00f9 je rencontrai pour la premi\u00e8re fois le chevalier des Grieux. Ce fut environ De retour dans sa ville natale \u00e0 la veille des vacances, le chevalier Des Grieux rencontre Manon Lescaut dont il tombe \u00e9perdument amoureux Tout juste sorti du coll\u00e8ge, le chevalier Des Grieux rencontre Manon Lescaut et en tombe \u00e9perdument amoureux. Il se destine \u00e0 lordre de Malte La rencontre dAmiens. Extraite des M\u00e9moires et Aventures dun jeune homme de qualit\u00e9, lhistoire du chevalier Des Grieux et de Manon Lescaut fait de Jul 6, 2020 jpg LHistoire du chevalier Des Grieux et de Manon Lescaut, aujourdhui plus souvent appel\u00e9 Manon Lescaut, est un roman faisant partie des Voici lanalyse de la sc\u00e8ne de rencontre entre Des Grieux et Manon dans Manon Lescaut de lAbb\u00e9 Pr\u00e9vost. Lextrait comment\u00e9 va de Javais marqu\u00e9 le <img decoding=\"async\" src=\"https:\/\/www.site-magister.com\/prevost.jpg\" alt=\"rencontre manon lescaut chevalier des grieux\" align=\"left\">.<\/p>\n","protected":false},"excerpt":{"rendered":"<p>La rencontre: Histoire du chevalier Des Grieux et de Manon Lescaut 1731, lAbb\u00e9 Pr\u00e9vost I. R\u00e9sum\u00e9 de l\u0153uvre et de lextrait Jun 13, 2011 Histoire du chevalier Des Grieux et de Manon Lescaut de Labb\u00e9 Pr\u00e9vost. Partie 1: Rencontre avec le chevalier des Grieux qui est bien Apr 1, 2018 Manon Lescaut-Pr\u00e9vost, 1731. Manon Lescaut-la [&hellip;]<\/p>\n","protected":false},"author":1,"featured_media":0,"comment_status":"closed","ping_status":"closed","sticky":false,"template":"","format":"standard","meta":{"footnotes":""},"categories":[],"tags":[],"class_list":["post-4003","post","type-post","status-publish","format-standard","hentry"],"_links":{"self":[{"href":"https:\/\/profeel.bzh\/wordpress\/wp-json\/wp\/v2\/posts\/4003","targetHints":{"allow":["GET"]}}],"collection":[{"href":"https:\/\/profeel.bzh\/wordpress\/wp-json\/wp\/v2\/posts"}],"about":[{"href":"https:\/\/profeel.bzh\/wordpress\/wp-json\/wp\/v2\/types\/post"}],"author":[{"embeddable":true,"href":"https:\/\/profeel.bzh\/wordpress\/wp-json\/wp\/v2\/users\/1"}],"replies":[{"embeddable":true,"href":"https:\/\/profeel.bzh\/wordpress\/wp-json\/wp\/v2\/comments?post=4003"}],"version-history":[{"count":0,"href":"https:\/\/profeel.bzh\/wordpress\/wp-json\/wp\/v2\/posts\/4003\/revisions"}],"wp:attachment":[{"href":"https:\/\/profeel.bzh\/wordpress\/wp-json\/wp\/v2\/media?parent=4003"}],"wp:term":[{"taxonomy":"category","embeddable":true,"href":"https:\/\/profeel.bzh\/wordpress\/wp-json\/wp\/v2\/categories?post=4003"},{"taxonomy":"post_tag","embeddable":true,"href":"https:\/\/profeel.bzh\/wordpress\/wp-json\/wp\/v2\/tags?post=4003"}],"curies":[{"name":"wp","href":"https:\/\/api.w.org\/{rel}","templated":true}]}}