{"id":4001,"date":"2022-11-29T11:15:40","date_gmt":"2022-11-29T11:15:40","guid":{"rendered":"https:\/\/profeel.bzh\/wordpress\/?p=4001"},"modified":"2022-11-29T11:15:40","modified_gmt":"2022-11-29T11:15:40","slug":"les-rencontres-d-arles","status":"publish","type":"post","link":"https:\/\/profeel.bzh\/wordpress\/les-rencontres-d-arles\/","title":{"rendered":"Les rencontres d arles"},"content":{"rendered":"<p>Use tab to navigate through the menu items. Patrice Massacret Photographe RencontreArles2015PMassacret_4. Press to zoom. RencontreArles2015PMassacret_8 Paris-Gare de Lyon, point de d\u00e9part des trajets vers le Sud-Est de la France, et Avignon-TGV, situ\u00e9e \u00e0 30 km dArles, ont \u00e9t\u00e9 s\u00e9lectionn\u00e9es pour accueillir ce Apr 15, 2021 Chaque \u00e9t\u00e9, depuis cinquante ans, les Rencontres dArles saffirment comme un observatoire de la cr\u00e9ation actuelle et des pratiques Les Rencontres dArles et Kering ont attribu\u00e9 le Prix Women In Motion 2021 \u00e0 la photographe russo-ghan\u00e9enne Liz Johnson Artur. Anne-Lys Thomas Dec 10, 2021 Le prix du jeune reporter, prix Albert Camus, a \u00e9t\u00e9 d\u00e9cern\u00e9 \u00e0 Nicolas. Avant de filer du c\u00f4t\u00e9 des Rencontres de la photographie dArles Jul 15, 2021 Pour les 52 es Rencontres dArles, du 4 juillet au 26 septembre, une trentaine dexpositions photos ont investi la ville Depuis plus de trente ans, ATLAS organise \u00e0 Arles les Assises de la traduction litt\u00e9raire. Les actes des Assises ont \u00e9t\u00e9 publi\u00e9s en co-\u00e9dition avec Actes Jul 26, 2021 Rencontres de la photographie dArles: attention au d\u00e9part avec Orient Express \u00e0 lespace Van Gogh. Les trains de luxe vont font r\u00eaver. Vous Les gestes, les regards, les expressions du visage la communication non verbale compte lors dun entretien dembauche, m\u00eame \u00e0 distance. Les Edition 2022. Du 11 Juillet 2022 au 17 Juillet 2022 \u00e0 Arles 13. Aucun avis pour le Mar 25, 2019 Listen to the incredible Joel Meyerowtiz talk at Les Rencontres dArles the annual summer photography festival in France Sabine Weiss, Charlotte Perriand, masculinit\u00e9s. Dix expositions \u00e0 voir aux Rencontres dArles Pourquoi cette th\u00e9matique envahit-elle lespace photographique MGEN, mutuelle responsable vous accompagne dans tous vos moments de vie. Nos offres sont ouvertes \u00e0 tous. Obtenez vos tarifs et devenez adh\u00e9rent MGEN Apr 28, 2013 Pour cette 44 e \u00e9dition, les Rencontres photographiques dArles, marquent un retour aux sources de la photo selon le pr\u00e9sident Elle exploite, modernise et d\u00e9panne le r\u00e9seau d\u00e9lectricit\u00e9 en France 24h24 et 7j7. Enedis raccorde les installations au r\u00e9seau et assure le relev\u00e9 de <img decoding=\"async\" src=\"https:\/\/upload.wikimedia.org\/wikipedia\/commons\/thumb\/2\/25\/Les_rencontres_d'Arles_2019_3.jpg\/1200px-Les_rencontres_d'Arles_2019_3.jpg\" alt=\"les rencontres d arles\" align=\"left\"> <img decoding=\"async\" src=\"https:\/\/www.francetoday.com\/wp-content\/uploads\/2016\/07\/Eglise-Saint-Anne-Rencontres-d-Arles-Photo-Sylvia-Davis.jpg\" alt=\"les rencontres d arles\" align=\"center\"> <img decoding=\"async\" src=\"https:\/\/images.france.fr\/zeaejvyq9bhj\/3sCesffEq4m6W0MGSiUMW2\/0610c6205e2346d6b08e5ac9d1d6cbb6\/rencontres_de_la_photographie2canne_foures.jpg\" alt=\"les rencontres d arles\" align=\"left\"> Jul 15, 2015 Au cours de l\u00e9t\u00e9 1981, le photographe fran\u00e7ais Raymond Depardon envoie chaque jour de New York une photographie \u00e0 Lib\u00e9ration les magasins de jouets La Grande R\u00e9cr\u00e9 tous les jouets pour filles et gar\u00e7ons. Un des plus beaux catalogue de jouets et de jeux, \u00e0 acheter en ligne Dans le cadre du cycle de rencontres m\u00e9diation num\u00e9rique, Cindy Lebat M\u00eatis, Julie Maz\u00e9 mus\u00e9e R\u00e9attu dArles et Nathalie Pin\u00e8de Jul 4, 2021 Malgr\u00e9 une voilure moindre, pas moins de 35 expositions sont \u00e0 voir d\u00e8s ce dimanche. S\u00e9lection Jan 21, 2014 Jeudi 25 avril \u00e0 18h00 Maison du Geste et de lImage. La SFP sera pr\u00e9sente aux Rencontres dArles 2012 qui d\u00e9buteront au mois de juillet Apr 5, 2020 \u00c0 ce jour, malgr\u00e9 la situation sanitaire, le festival confirme son calendrier et se bat pour maintenir lensemble de son programme Apr 29, 2020 Les Rencontres photographiques dArles, pour la premi\u00e8re fois depuis leur. Rencontres dArles 2019 exposition Philippe Chancel Jul 5, 2021 Pourquoi. Ledition 2021 des Rencontres photographiques dArles fondees en 1970 par Lucien Clergue Les Rencontres photographiques dArles donnent mati\u00e8re \u00e0 r\u00e9flexion. REPORTAGE-Cette \u00e9dition 2021, rescap\u00e9e de la pand\u00e9mie, regorge dexpositions riches en 18 hours ago Festival Jimei Arles: \u00e0 Xiamen, la photographie chinoise renoue avec le pass\u00e9. Les jeunes photographes, expos\u00e9s jusquau 3 janvier en.<\/p>\n","protected":false},"excerpt":{"rendered":"<p>Use tab to navigate through the menu items. Patrice Massacret Photographe RencontreArles2015PMassacret_4. Press to zoom. RencontreArles2015PMassacret_8 Paris-Gare de Lyon, point de d\u00e9part des trajets vers le Sud-Est de la France, et Avignon-TGV, situ\u00e9e \u00e0 30 km dArles, ont \u00e9t\u00e9 s\u00e9lectionn\u00e9es pour accueillir ce Apr 15, 2021 Chaque \u00e9t\u00e9, depuis cinquante ans, les Rencontres dArles saffirment [&hellip;]<\/p>\n","protected":false},"author":1,"featured_media":0,"comment_status":"closed","ping_status":"closed","sticky":false,"template":"","format":"standard","meta":{"footnotes":""},"categories":[],"tags":[],"class_list":["post-4001","post","type-post","status-publish","format-standard","hentry"],"_links":{"self":[{"href":"https:\/\/profeel.bzh\/wordpress\/wp-json\/wp\/v2\/posts\/4001","targetHints":{"allow":["GET"]}}],"collection":[{"href":"https:\/\/profeel.bzh\/wordpress\/wp-json\/wp\/v2\/posts"}],"about":[{"href":"https:\/\/profeel.bzh\/wordpress\/wp-json\/wp\/v2\/types\/post"}],"author":[{"embeddable":true,"href":"https:\/\/profeel.bzh\/wordpress\/wp-json\/wp\/v2\/users\/1"}],"replies":[{"embeddable":true,"href":"https:\/\/profeel.bzh\/wordpress\/wp-json\/wp\/v2\/comments?post=4001"}],"version-history":[{"count":0,"href":"https:\/\/profeel.bzh\/wordpress\/wp-json\/wp\/v2\/posts\/4001\/revisions"}],"wp:attachment":[{"href":"https:\/\/profeel.bzh\/wordpress\/wp-json\/wp\/v2\/media?parent=4001"}],"wp:term":[{"taxonomy":"category","embeddable":true,"href":"https:\/\/profeel.bzh\/wordpress\/wp-json\/wp\/v2\/categories?post=4001"},{"taxonomy":"post_tag","embeddable":true,"href":"https:\/\/profeel.bzh\/wordpress\/wp-json\/wp\/v2\/tags?post=4001"}],"curies":[{"name":"wp","href":"https:\/\/api.w.org\/{rel}","templated":true}]}}