{"id":3988,"date":"2022-11-29T11:14:27","date_gmt":"2022-11-29T11:14:27","guid":{"rendered":"https:\/\/profeel.bzh\/wordpress\/?p=3988"},"modified":"2022-11-29T11:14:27","modified_gmt":"2022-11-29T11:14:27","slug":"rencontre-theme","status":"publish","type":"post","link":"https:\/\/profeel.bzh\/wordpress\/rencontre-theme\/","title":{"rendered":"Rencontre theme"},"content":{"rendered":"<p>Feb 8, 2013 Rencontre autour du th\u00e8me des variabilit\u00e9s atmosph\u00e9riques et extr\u00eames. Rendez-vous lors dune pause d\u00e9jeuner propos\u00e9e par lObservatoire des De la rencontre amoureuse au couple, en passant par le d\u00e9sir et la sexualit\u00e9. \u00c9coutez les \u00e9missions et les s\u00e9ries fictions sur France Culture qui parlent <img decoding=\"async\" src=\"http:\/\/www.solution.cinquiemesouffle.fr\/resources\/_wsb_894x1261_FLYER+2016+P3+.jpg\" alt=\"rencontre theme\" align=\"center\"> <img decoding=\"async\" src=\"https:\/\/cdn.shortpixel.ai\/spai\/q_lossy+ret_img+to_webp\/https:\/\/webypress.b-cdn.net\/wp-content\/uploads\/2019\/01\/1547155623_709_Meilleurs-th\u00e8mes-de-rencontre-WordPress-ou-th\u00e8mes-de-communaut\u00e9-pour-les-sites-de-rencontre-en-ligne.jpg\" alt=\"rencontre theme\" align=\"center\"> May 12, 2017 Le 29 juin prochain, le P\u00f4le-relais tourbi\u00e8res organise une rencontre sur le th\u00e8me des esp\u00e8ces \u00e0 enjeux des tourbi\u00e8res du Massif central. Cette Feb 5, 2020 La ville de Bron a mis en place un projet participatif destin\u00e9 \u00e0 r\u00e9fl\u00e9chir avec ses habitants autour des enjeux de la ville de demain Vous \u00eates en recherche demploi ou de formation. Votre projet a du mal \u00e0 prendre forme, nh\u00e9sitez pas \u00e0 participer aux rencontres initi\u00e9es par lEspace Sep 1, 2021 La prochaine \u00e9dition de la rencontre r\u00e9gionale de leau et lassainissement pour la r\u00e9gion sud-est se tiendra \u00e0 Belleville-en-Beaujolais 16 hours ago Ce troisi\u00e8me sommet Turquie-Afrique, qui a pour th\u00e8me Partenariat. Pour qui cette rencontre m\u00e8nera vers une nouvelle \u00e9tape les liens <img decoding=\"async\" src=\"https:\/\/www.theatre-contemporain.net\/images\/img_tv\/prop169\/14928.jpg\" alt=\"rencontre theme\" align=\"left\"> Nov 24, 2021 4e Rencontre territoriale du Collectif Alzheimer Ensemble th\u00e8me: lhabitat. Le 14122021. R\u00e9dig\u00e9 par La SFGG Publi\u00e9 le mercredi 24 Rencontres \u00e0 th\u00e8me. HISTORIQUE 2020: Image go\u00fbter des familles. HISTORIQUE 2019: Affiche bourse aux Sep 29, 2021 Les rencontres sont omnipr\u00e9sentes dans les magazines, les livres, les films et m\u00eame les \u00e9missions de t\u00e9l\u00e9vision. Ils peuvent aider les gens Nov 7, 2019 D\u00e9velopper une culture commune de la vigilance dans le champ sportif en lien avec les r\u00e9f\u00e9rents radicalisation du minist\u00e8re des Sports Caf\u00e9-rencontre sur le th\u00e8me du Service Civique. Le 13 octobre 2021 16h00. Accessible aux 16-25 ans et jusqu\u00e0 30 ans pour les personnes en situation de-Las inscripciones para la 34e edici\u00f3n de Cin\u00e9latino est\u00e1n cerradas-Submissions for the 34nd edition of Cin\u00e9latino are closed. Rencontres juin 2021 Jan 14, 2020 9 belles photos de citations rencontre D\u00e9couvrez des phrases en image. Pour en savoir plus sur ce th\u00e8me de citations rencontre avec Article Rencontre avec le Qu\u00e9bec sur le th\u00e8me de la construction innovante et responsable MEB. Lundi 19 juillet 2021, la D\u00e9l\u00e9gation G\u00e9n\u00e9rale du Qu\u00e9bec a RENCONTRE SUR LE TH\u00c8ME DU WESTERN. Vendredi 20 mai 2016 \u00e0 18h. Rencontre avec Gilles Menegaldo et projection du film Rio Bravo Jan 29, 2017 Une rencontre autour du th\u00e8me la jeunesse comme ressource sera organis\u00e9e par la d\u00e9l\u00e9gation de lUnion europ\u00e9enne en Alg\u00e9rie en pr\u00e9sence de 2 days ago Accueil: Vivre les cultures Rencontres; Fernando Ladeiro-Marqu\u00e8s. De rencontres. Share on Facebook; Share on Twitter; Share on Linkedin 2 days ago Accueil: Vivre les cultures Rencontres; Fernando Ladeiro-Marqu\u00e8s. De rencontres. Share on Facebook; Share on Twitter; Share on Linkedin.<\/p>\n","protected":false},"excerpt":{"rendered":"<p>Feb 8, 2013 Rencontre autour du th\u00e8me des variabilit\u00e9s atmosph\u00e9riques et extr\u00eames. Rendez-vous lors dune pause d\u00e9jeuner propos\u00e9e par lObservatoire des De la rencontre amoureuse au couple, en passant par le d\u00e9sir et la sexualit\u00e9. \u00c9coutez les \u00e9missions et les s\u00e9ries fictions sur France Culture qui parlent May 12, 2017 Le 29 juin prochain, le [&hellip;]<\/p>\n","protected":false},"author":1,"featured_media":0,"comment_status":"closed","ping_status":"closed","sticky":false,"template":"","format":"standard","meta":{"footnotes":""},"categories":[],"tags":[],"class_list":["post-3988","post","type-post","status-publish","format-standard","hentry"],"_links":{"self":[{"href":"https:\/\/profeel.bzh\/wordpress\/wp-json\/wp\/v2\/posts\/3988","targetHints":{"allow":["GET"]}}],"collection":[{"href":"https:\/\/profeel.bzh\/wordpress\/wp-json\/wp\/v2\/posts"}],"about":[{"href":"https:\/\/profeel.bzh\/wordpress\/wp-json\/wp\/v2\/types\/post"}],"author":[{"embeddable":true,"href":"https:\/\/profeel.bzh\/wordpress\/wp-json\/wp\/v2\/users\/1"}],"replies":[{"embeddable":true,"href":"https:\/\/profeel.bzh\/wordpress\/wp-json\/wp\/v2\/comments?post=3988"}],"version-history":[{"count":0,"href":"https:\/\/profeel.bzh\/wordpress\/wp-json\/wp\/v2\/posts\/3988\/revisions"}],"wp:attachment":[{"href":"https:\/\/profeel.bzh\/wordpress\/wp-json\/wp\/v2\/media?parent=3988"}],"wp:term":[{"taxonomy":"category","embeddable":true,"href":"https:\/\/profeel.bzh\/wordpress\/wp-json\/wp\/v2\/categories?post=3988"},{"taxonomy":"post_tag","embeddable":true,"href":"https:\/\/profeel.bzh\/wordpress\/wp-json\/wp\/v2\/tags?post=3988"}],"curies":[{"name":"wp","href":"https:\/\/api.w.org\/{rel}","templated":true}]}}