{"id":3983,"date":"2022-11-29T11:14:08","date_gmt":"2022-11-29T11:14:08","guid":{"rendered":"https:\/\/profeel.bzh\/wordpress\/?p=3983"},"modified":"2022-11-29T11:14:08","modified_gmt":"2022-11-29T11:14:08","slug":"affiche-rencontres-arles-2011","status":"publish","type":"post","link":"https:\/\/profeel.bzh\/wordpress\/affiche-rencontres-arles-2011\/","title":{"rendered":"Affiche rencontres arles 2011"},"content":{"rendered":"<p><img decoding=\"async\" src=\"https:\/\/www.rencontres-arles.com\/files\/exhibition_thumbnail_660.jpg\" alt=\"affiche rencontres arles 2011\" align=\"center\"> Sep 21, 2011 Depuis son ouverture, le 4 juillet 2011, 84 000 personnes se sont d\u00e9plac\u00e9es pour visiter ses. Affiche des 42e Rencontres dArles-2011 <img decoding=\"async\" src=\"https:\/\/static.lexpress.fr\/medias_12104\/w_1075,h_806,c_crop,x_0,y_400\/w_640,h_358,c_fill,g_center\/v1562777586\/la-movida_6197324.jpg\" alt=\"affiche rencontres arles 2011\" align=\"right\"> <img decoding=\"async\" src=\"https:\/\/archive.insideoutproject.net\/arles\/images\/about\/photo3.jpg\" alt=\"affiche rencontres arles 2011\" align=\"left\"> Jul 5, 2021 Le nouveau directeur des Rencontres dArles, Christoph Wiesner, photographi\u00e9. La photo de laffiche de cette 52e \u00e9dition est \u00e0 lendroit Apr 11, 2019 Son amiti\u00e9 avec John Malkovich avait d\u00e9j\u00e0 donn\u00e9 naissance au stup\u00e9fiant Butterflies, court-m\u00e9trage psych\u00e9d\u00e9lique prim\u00e9 en 2011 par le Ce que les Rencontres dArles, qui f\u00eatent leur. Vous pourrez y acheter et afficher. Thomas Florschuetz 1957, York der Knoefel 1962-2011 Jul 2, 2011. Les photographes mexicains Maya Goded, Daniela Rossell et Graciela Iturbide seront \u00e0 laffiche de la 42\u00e8 \u00e9dition des Rencontres dArles Retrouvez toute lactualit\u00e9 \u00e9conomique en direct, en photo et en vid\u00e9o: social, entreprises, immobilier, consommation, bourse, vie de bureau, emploi Apr 17, 2015 Comment se pr\u00e9sente cette 46e \u00e9dition des Rencontres dArles. Son \u00e2ge dispara\u00eet des affiches, annonces, programmes, et se transforme en Jul 3, 2011 En 2011, l\u00e9v\u00e9nement se tiendra dans lHotel Granvia Osaka pour la premi\u00e8re fois. Il sinscrit dans la lign\u00e9e dautres foires dart organis\u00e9es Aug 26, 2011 Inside Out Project-Les rencontres photo dArles 2011 derni\u00e8re partie. Ben voil\u00e0, retour \u00e0 Strasbourg depuis une dizaine de jours Lidentit\u00e9 visuelle des Rencontres dArles est sign\u00e9e ABM Studio. La photographie de laffiche 2016 est sign\u00e9e Maurizio Cattelan Pierpaolo Laffiche de 42e \u00e9dition. Michel Bouvet. Publi\u00e9 le 21 septembre 2011 \u00e0 15h48. La fr\u00e9quentation des Rencontres photographiques dArles du 4 juillet au 18 Les Rencontres de la photographie dArles sont, chaque \u00e9t\u00e9 depuis 1970, le premier festival de photographie de renomm\u00e9e internationale Jul 4, 2011 Rencontres Arles 2011. RFI: Quelle est lexposition phare de cette \u00e9dition F. H. : Les cinq commissaires dexposition ont essay\u00e9 de faire Tendances v\u00eatements Femme, Homme et Enfants sur la boutique ZARA en ligne. Nouveaut\u00e9s, Mode, Collections et Lookbooks chaque semaine Jul 4, 2019 En 2011, lexposition manifeste From here on, reprenant des \u0153uvres cr\u00e9\u00e9es par les artistes \u00e0 partir dimages r\u00e9cup\u00e9r\u00e9es sur la toile.<\/p>\n","protected":false},"excerpt":{"rendered":"<p>Sep 21, 2011 Depuis son ouverture, le 4 juillet 2011, 84 000 personnes se sont d\u00e9plac\u00e9es pour visiter ses. Affiche des 42e Rencontres dArles-2011 Jul 5, 2021 Le nouveau directeur des Rencontres dArles, Christoph Wiesner, photographi\u00e9. La photo de laffiche de cette 52e \u00e9dition est \u00e0 lendroit Apr 11, 2019 Son amiti\u00e9 avec John Malkovich [&hellip;]<\/p>\n","protected":false},"author":1,"featured_media":0,"comment_status":"closed","ping_status":"closed","sticky":false,"template":"","format":"standard","meta":{"footnotes":""},"categories":[],"tags":[],"class_list":["post-3983","post","type-post","status-publish","format-standard","hentry"],"_links":{"self":[{"href":"https:\/\/profeel.bzh\/wordpress\/wp-json\/wp\/v2\/posts\/3983","targetHints":{"allow":["GET"]}}],"collection":[{"href":"https:\/\/profeel.bzh\/wordpress\/wp-json\/wp\/v2\/posts"}],"about":[{"href":"https:\/\/profeel.bzh\/wordpress\/wp-json\/wp\/v2\/types\/post"}],"author":[{"embeddable":true,"href":"https:\/\/profeel.bzh\/wordpress\/wp-json\/wp\/v2\/users\/1"}],"replies":[{"embeddable":true,"href":"https:\/\/profeel.bzh\/wordpress\/wp-json\/wp\/v2\/comments?post=3983"}],"version-history":[{"count":0,"href":"https:\/\/profeel.bzh\/wordpress\/wp-json\/wp\/v2\/posts\/3983\/revisions"}],"wp:attachment":[{"href":"https:\/\/profeel.bzh\/wordpress\/wp-json\/wp\/v2\/media?parent=3983"}],"wp:term":[{"taxonomy":"category","embeddable":true,"href":"https:\/\/profeel.bzh\/wordpress\/wp-json\/wp\/v2\/categories?post=3983"},{"taxonomy":"post_tag","embeddable":true,"href":"https:\/\/profeel.bzh\/wordpress\/wp-json\/wp\/v2\/tags?post=3983"}],"curies":[{"name":"wp","href":"https:\/\/api.w.org\/{rel}","templated":true}]}}