{"id":3942,"date":"2022-11-29T11:11:54","date_gmt":"2022-11-29T11:11:54","guid":{"rendered":"https:\/\/profeel.bzh\/wordpress\/?p=3942"},"modified":"2022-11-29T11:11:54","modified_gmt":"2022-11-29T11:11:54","slug":"semaine-de-rencontres-islamo-chretiennes","status":"publish","type":"post","link":"https:\/\/profeel.bzh\/wordpress\/semaine-de-rencontres-islamo-chretiennes\/","title":{"rendered":"Semaine de rencontres islamo chr\u00e9tiennes"},"content":{"rendered":"<p>Sep 14, 2020 SEMAINE DE RENCONTRES ISLAMO CHR\u00c9TIENNES. Belgique-3\u00e8me rencontre islamo-chr\u00e9tienne \u00e0 Louvain-la-neuve-Samedi 21 novembre 2015 De 14h Nov 13, 2019 Communiqu\u00e9 de presse du 14 octobre 2019 Initi\u00e9e par le Groupe dAmiti\u00e9 Islamo-Chr\u00e9tienne, la 19\u00e8me\u00e9dition des Semaines de Rencontres Islamo Semaine de Rencontre Islamo-chr\u00e9tienne SERIC 16 Novembre 2010 DEPECHES CATHOBEL-BELGIQUE-Bruxelles Entre le 20 et le 27 novembre 2010, une semaine un Jul 6, 2021 5 20\u00e8me Semaines de Rencontres Islamo-Chr\u00e9tiennes SERIC: Nov. 2020 Un vingti\u00e8me anniversaire est une c\u00e9l\u00e9bration incontournable C\u00e9l\u00e9brer By C Ham\u00e8s 1977 Rencontre islamo-chr\u00e9tienne. Conscience musulmane et conscience chr\u00e9tienne aux prises avec les d\u00e9fis du d\u00e9veloppement. Compte-rendu le dramatique accident qui sest d\u00e9roul\u00e9 il y a une semaine \u00e0 Paris. Quil devait effectuer au Mali pour rencontrer le pr\u00e9sident de la transition et Nov 21, 2017 Colloque La dignit\u00e9 de lautre, le 26 novembre 2016, dans le cadre de la 16e Semaine de rencontres islamo-chr\u00e9tiennes SERIC Dec 10, 2018 Vid\u00e9o reportage sur les renonctres des SEmaines de Rencontres Isla\u00f9o-Chr\u00e9tiennes SERIC:-\u00e0 POITIERS le dimanche 18 novembre 2018 <img decoding=\"async\" src=\"https:\/\/cdn-s-www.ledauphine.com\/images\/349D6CEC-4352-461D-9669-5AE457070DC5\/NW_raw\/samedi-apres-midi-dans-le-cadre-de-la-semaine-nationale-des-rencontres-islamo-chretiennes-(seric)-une-conference-etait-donnee-sur-la-mission-de-l-etre-humain-selon-la-bible-et-le-coran-1511293687.jpg\" alt=\"semaine de rencontres islamo chr\u00e9tiennes\" align=\"center\"> <img decoding=\"async\" src=\"https:\/\/ieshdeparis.fr\/wp-content\/uploads\/elementor\/thumbs\/Copie-de-Semaine-de-rencontre-islamo-chretienne-1-pfh2qsm3d9diqc24gglsl2y2wh1t0uykyypsim7dc4.jpg\" alt=\"semaine de rencontres islamo chr\u00e9tiennes\" align=\"left\"> Ayant particip\u00e9 \u00e0 des rencontres de dialogue islamo-chr\u00e9tien, ayant \u00e9crit des articles sur ce dialogue. Semaine de rencontres islamo-chr\u00e9tiennes SERIC Nov 10, 2017 Cette ann\u00e9e, la Semaine de rencontres islamo-chr\u00e9tiennes se d\u00e9roule du 16 au 27 novembre. Si limpulsion est donn\u00e9e au niveau national, o\u00f9 la Nov 9, 2018 Du mercredi 14 au jeudi 22 novembre aura lieu la Semaine de rencontre islamo-chr\u00e9tienne Seric, centr\u00e9e sur le th\u00e8me de la pri\u00e8re. Organis\u00e9e Sep 19, 2020 Les Semaines de rencontres islamo-chr\u00e9tiennes SERIC, pour un rapprochement dans une connaissance mutuelle, respectueuse et enrichissante Nov 4, 2021 Organis\u00e9e par le groupe damiti\u00e9 islamo-chr\u00e9tienne GAIC, une nouvelle \u00e9dition des semaines de rencontres islamo-chr\u00e9tiennes d\u00e9bute ce LIndicateur des Flandres: retrouvez toute lactualit\u00e9 en direct, lisez les articles de LIndicateur des Flandres et le journal num\u00e9rique sur tous vos Depuis 1989, des groupes de dialogue chr\u00e9tiens musulmans s\u00e9taient. A germ\u00e9 durant une Semaine de Rencontre, et sest concr\u00e9tis\u00e9e en Janvier 2020 par <img decoding=\"async\" src=\"http:\/\/www.pageshalal.fr\/images\/actualite\/6062860_9047037-0.jpg\" alt=\"semaine de rencontres islamo chr\u00e9tiennes\" align=\"right\"> Nov 29, 2021 5 21\u00e8me Semaines de Rencontres Islamo-Chr\u00e9tiennes SERIC: Nov. 2021 De novembre \u00e0 d\u00e9cembre 2021 Nous avons v\u00e9cu une situation sanitaire RENCONTRES ISLAMO-CHRETIENNES. Lassociation paroissiale catholique de Plaisir et lassociation des musulmans de Plaisir organisent dans le cadre de leur Un jour par semaine pendant deux ans. Terrains, engag\u00e9es dans la rencontre avec des musulmans:. Qui souhaite travailler au dialogue islamo-chr\u00e9tien Abou Dhabi, nouvelle terre de rencontre entre le Pape et les musulmans. La Semaine de rencontres islamo-chr\u00e9tiennes SERIC, cest bient\u00f4t Nov 23, 2004 Que voulons-nous faire. La Semaine de Rencontres Islamo-Chr\u00e9tiennes souhaite, dans le contexte difficile actuel, relever 3 d\u00e9fis: Montrer 10e \u00e9dition de la Semaine de Rencontres Islamo chr\u00e9tiennes SERIC. SAMEDI 4 DECEMBRE 2010. A LA GRANDE MOSQUEE DE PARIS. 2 place Puits de lErmite Paris.<\/p>\n","protected":false},"excerpt":{"rendered":"<p>Sep 14, 2020 SEMAINE DE RENCONTRES ISLAMO CHR\u00c9TIENNES. Belgique-3\u00e8me rencontre islamo-chr\u00e9tienne \u00e0 Louvain-la-neuve-Samedi 21 novembre 2015 De 14h Nov 13, 2019 Communiqu\u00e9 de presse du 14 octobre 2019 Initi\u00e9e par le Groupe dAmiti\u00e9 Islamo-Chr\u00e9tienne, la 19\u00e8me\u00e9dition des Semaines de Rencontres Islamo Semaine de Rencontre Islamo-chr\u00e9tienne SERIC 16 Novembre 2010 DEPECHES CATHOBEL-BELGIQUE-Bruxelles Entre le 20 et [&hellip;]<\/p>\n","protected":false},"author":1,"featured_media":0,"comment_status":"closed","ping_status":"closed","sticky":false,"template":"","format":"standard","meta":{"footnotes":""},"categories":[],"tags":[],"class_list":["post-3942","post","type-post","status-publish","format-standard","hentry"],"_links":{"self":[{"href":"https:\/\/profeel.bzh\/wordpress\/wp-json\/wp\/v2\/posts\/3942","targetHints":{"allow":["GET"]}}],"collection":[{"href":"https:\/\/profeel.bzh\/wordpress\/wp-json\/wp\/v2\/posts"}],"about":[{"href":"https:\/\/profeel.bzh\/wordpress\/wp-json\/wp\/v2\/types\/post"}],"author":[{"embeddable":true,"href":"https:\/\/profeel.bzh\/wordpress\/wp-json\/wp\/v2\/users\/1"}],"replies":[{"embeddable":true,"href":"https:\/\/profeel.bzh\/wordpress\/wp-json\/wp\/v2\/comments?post=3942"}],"version-history":[{"count":0,"href":"https:\/\/profeel.bzh\/wordpress\/wp-json\/wp\/v2\/posts\/3942\/revisions"}],"wp:attachment":[{"href":"https:\/\/profeel.bzh\/wordpress\/wp-json\/wp\/v2\/media?parent=3942"}],"wp:term":[{"taxonomy":"category","embeddable":true,"href":"https:\/\/profeel.bzh\/wordpress\/wp-json\/wp\/v2\/categories?post=3942"},{"taxonomy":"post_tag","embeddable":true,"href":"https:\/\/profeel.bzh\/wordpress\/wp-json\/wp\/v2\/tags?post=3942"}],"curies":[{"name":"wp","href":"https:\/\/api.w.org\/{rel}","templated":true}]}}