{"id":3835,"date":"2022-11-29T11:05:04","date_gmt":"2022-11-29T11:05:04","guid":{"rendered":"https:\/\/profeel.bzh\/wordpress\/?p=3835"},"modified":"2022-11-29T11:05:04","modified_gmt":"2022-11-29T11:05:04","slug":"feter-son-anniversaire-de-rencontre","status":"publish","type":"post","link":"https:\/\/profeel.bzh\/wordpress\/feter-son-anniversaire-de-rencontre\/","title":{"rendered":"Feter son anniversaire de rencontre"},"content":{"rendered":"<p>Anniversaire de rencontre: nos id\u00e9es pour marquer le coup 1. Une lettre damour. F\u00eater son anniversaire l\u00e0 o\u00f9 lon sest rencontr\u00e9 <img decoding=\"async\" src=\"https:\/\/cdn.deguisetoi.fr\/media\/blog_left_content\/fra\/5d1b101c40871_le-top-6-des-themes-de-soiree-d-anniversaire.jpg\" alt=\"feter son anniversaire de rencontre\" align=\"left\"> Lactrice et chanteuse am\u00e9ricaine a marqu\u00e9 lanniversaire de sa rencontre avec son \u00e9poux dans une 2 days ago Le pape Fran\u00e7ois f\u00eate ce vendredi 17 d\u00e9cembre son 85e anniversaire. Il avait d\u00e9j\u00e0 rencontr\u00e9 des soucis de sant\u00e9 mais cest la premi\u00e8re No\u00ebl Cadeaux de No\u00ebl Nouvel an Anniversaire Bapt\u00eame Mariage Carnaval D\u00e9part en retraite Halloween P\u00e2ques Evjh et Evjf Chandeleur et Apr 28, 2020 Aidez-le \u00e0 mieux sorganiser, cr\u00e9ez avec lui des pense-b\u00eates et des strat\u00e9gies. Notez les dates dans son agenda avec un mot doux; proposez-lui 14 hours ago L\u00e9on le p\u00e8re no\u00ebl rencontre Peter Watson: ils ont eu un choc avec un. Nils f\u00eate son anniversaire avec toute la bande avant le r\u00e9veillon Feb 9, 2021 F\u00eater son anniversaire de couple, cest-\u00e0-dire la date \u00e0 laquelle votre relation avec celuicelle qui partage votre vie a commenc\u00e9 de mariage et quil navait pas int\u00e9r\u00eat de le rater. Sur le ton de. De sortir un peu. Et toi lui as tu soumis une id\u00e9e pour feter l\u00e9venement Comment c\u00e9l\u00e9brer son anniversaire de rencontre-Retrouvez sur Cadeau Maestro des milliers did\u00e9es cadeaux livr\u00e9es en 24-48h chez vous ou directement \u00e0 2 days ago Le magazine de France 2 c\u00e9l\u00e8bre jeudi son 20e anniversaire avec une. Antidote aux fake news, selon son pr\u00e9sentateur, Tristan Waleckx 4 days ago Sur les r\u00e9seaux sociaux, il na pas tard\u00e9 \u00e0 manifester son. Mr Ravalomanana devrait f\u00eater son anniversaire dans le Sud chez le K\u00e9r\u00e9 pour Un cadeau original pour les 10 ans de couple, cr\u00e9ez une carte qui raconte votre LES DATES CLES: les dates cl\u00e9s comme sa naissance, votre rencontre, un 1 day ago \u00c0 B\u00e9lizal, Marie Gu\u00e9guen a f\u00eat\u00e9 un si\u00e8cle dexistence. Cerise sur le g\u00e2teau danniversaire, Marie Gu\u00e9guen a pu assister \u00e0 une Un anniversaire de rencontre \u00e0 f\u00eater. Offrez-vous un s\u00e9jour romantique dans une suite avec jacuzzi pr\u00e8s de Marseille Rencontre. Charlotte a douze ans. Elle ne veut absolument pas entendre parler de f\u00eate pour son anniversaire. Elle nen veut plus depuis lann\u00e9e derni\u00e8re <img decoding=\"async\" src=\"https:\/\/www.parlerdamour.fr\/wp-content\/uploads\/2019\/09\/carnet.jpg\" alt=\"feter son anniversaire de rencontre\" align=\"left\"> NoTitre fran\u00e7aisDate de 1re diffusion1Un cocktail dangereux6 avril 19872Tuezmoi, sil vous pla\u00eet. 13 avril 19873Le Dernier Combat20 avril 1987View 49 more rows Luniversit\u00e9 europ\u00e9enne UNITA f\u00eate son premier anniversaire. Pour c\u00e9l\u00e9brer cette. UN \u00c9V\u00c9NEMENT SOUS LE SIGNE DE LA RENCONTRE, DU SPORT ET DES LANGUES 1 day ago Les acteurs de la trilogie ont une fa\u00e7on bien \u00e0 eux de c\u00e9l\u00e9brer les 20. La communaut\u00e9 de lanneau daller \u00e0 la rencontre de son public <img decoding=\"async\" src=\"https:\/\/m.media-amazon.com\/images\/I\/414IkAoisIL.jpg\" alt=\"feter son anniversaire de rencontre\" align=\"center\"> 1 day ago. Avec sa famille pour c\u00e9l\u00e9brer son 50e anniversaire de naissance. Taire son nom complet, rencontr\u00e9 \u00e0 lext\u00e9rieur de lamphith\u00e9\u00e2tre 2 days ago Covid-19: pol\u00e9mique aux Pays-Bas apr\u00e8s la f\u00eate danniversaire de la. Amalia a f\u00eat\u00e9 ses 18 ans le 7 d\u00e9cembre, et dembl\u00e9e fait son entr\u00e9e 3 days ago Pour les r\u00e9seaux de mandataires, cette rencontre avec un membre de. F\u00eate, en d\u00e9cembre 2021, son premier anniversaire en d\u00e9passant les 100 Honor a profit\u00e9 de son premier anniversaire en tant quentreprise autonome pour d\u00e9voiler le Honor X30, un smartphone milieu de gamme lanc\u00e9 \u00e0 prix. FrAndroid.<\/p>\n","protected":false},"excerpt":{"rendered":"<p>Anniversaire de rencontre: nos id\u00e9es pour marquer le coup 1. Une lettre damour. F\u00eater son anniversaire l\u00e0 o\u00f9 lon sest rencontr\u00e9 Lactrice et chanteuse am\u00e9ricaine a marqu\u00e9 lanniversaire de sa rencontre avec son \u00e9poux dans une 2 days ago Le pape Fran\u00e7ois f\u00eate ce vendredi 17 d\u00e9cembre son 85e anniversaire. Il avait d\u00e9j\u00e0 rencontr\u00e9 des [&hellip;]<\/p>\n","protected":false},"author":1,"featured_media":0,"comment_status":"closed","ping_status":"closed","sticky":false,"template":"","format":"standard","meta":{"footnotes":""},"categories":[],"tags":[],"class_list":["post-3835","post","type-post","status-publish","format-standard","hentry"],"_links":{"self":[{"href":"https:\/\/profeel.bzh\/wordpress\/wp-json\/wp\/v2\/posts\/3835","targetHints":{"allow":["GET"]}}],"collection":[{"href":"https:\/\/profeel.bzh\/wordpress\/wp-json\/wp\/v2\/posts"}],"about":[{"href":"https:\/\/profeel.bzh\/wordpress\/wp-json\/wp\/v2\/types\/post"}],"author":[{"embeddable":true,"href":"https:\/\/profeel.bzh\/wordpress\/wp-json\/wp\/v2\/users\/1"}],"replies":[{"embeddable":true,"href":"https:\/\/profeel.bzh\/wordpress\/wp-json\/wp\/v2\/comments?post=3835"}],"version-history":[{"count":0,"href":"https:\/\/profeel.bzh\/wordpress\/wp-json\/wp\/v2\/posts\/3835\/revisions"}],"wp:attachment":[{"href":"https:\/\/profeel.bzh\/wordpress\/wp-json\/wp\/v2\/media?parent=3835"}],"wp:term":[{"taxonomy":"category","embeddable":true,"href":"https:\/\/profeel.bzh\/wordpress\/wp-json\/wp\/v2\/categories?post=3835"},{"taxonomy":"post_tag","embeddable":true,"href":"https:\/\/profeel.bzh\/wordpress\/wp-json\/wp\/v2\/tags?post=3835"}],"curies":[{"name":"wp","href":"https:\/\/api.w.org\/{rel}","templated":true}]}}