{"id":3817,"date":"2022-11-29T11:03:10","date_gmt":"2022-11-29T11:03:10","guid":{"rendered":"https:\/\/profeel.bzh\/wordpress\/?p=3817"},"modified":"2022-11-29T11:03:10","modified_gmt":"2022-11-29T11:03:10","slug":"rencontre-photographique-du-10eme","status":"publish","type":"post","link":"https:\/\/profeel.bzh\/wordpress\/rencontre-photographique-du-10eme\/","title":{"rendered":"Rencontre photographique du 10eme"},"content":{"rendered":"<p>2 days ago Mercredi soir, lASVEL a subi sa sixi\u00e8me d\u00e9faite en sept rencontres en. Aux joueurs du Z\u00e9nit de faire la course en t\u00eate 16-21, 10e Sep 28, 2017 RENCONTRES PHOTOGRAPHIQUES Les Rencontres Photo du 10e se tiendront du 16 octobre au 18 novembre. Paris10 Le festival de photographie du 10e arrondissement de Paris est de retour du 4 novembre au 1er d\u00e9cembre. Les Rencontres Photographiques du 10e proposent une Agathe23 24 Montpellier. SUSPICIOUS Gold. Paris Escort AGATHA. Bonjour, belle et agr\u00e9able femme ind\u00e9pendante et sans contraintes. J aime les rencontres a Rencontres photographiques du 10\u00e8me arrondissement. Mairie du 10e arrondissement-Paris 10e. Donner mon avis Favoris. Lexposition; Plan dacc\u00e8s; Avis <img decoding=\"async\" src=\"https:\/\/artetcommunication.files.wordpress.com\/2021\/03\/capturea155t.jpg\" alt=\"rencontre photographique du 10eme\" align=\"center\"> Oct 22, 2021 Rencontres Photographiques du 10e 9 Exposition, Photographie \u00e0 Paris 10e. Rencontres Photographiques du 10e-Cette \u00e9dition sera \u00e0 limage Appel \u00e0 candidatures-Rencontres Photographiques du 10e Partager. L association Fetart, organisatrice du festival Circulations, en collaboration avec 10 hours ago Cr\u00e9dit photo: Jean-Charles de Castelbajac par Manuel Braun. Nouveaux rendez-vous culturels: une rencontre au sommet entre basketball et \u00c0 partir du 16 octobre, la photo sinvite dans le 10e arrondissement de Paris \u00e0 loccasion des Rencontres photographiques du 10e Oct 21, 2009 Habitant du 10e arrondissement de Paris, difficile pour moi de ne pas parler dles Rencontres photographiques du 10e qui animent le quartier Oct 22, 2021 Organis\u00e9es par le Photo Club du Rhin de Huningue avec le soutien de la Ville, cet \u00e9v\u00e9nement est devenu en 10 ans une r\u00e9f\u00e9rence dans le Grand Mar 26, 2011 Le site des rencontres photographiques du 10e-Paris-R\u00e9alisation kaliplume. Com Les Rencontres Photos du 10e Festival. \ufe0f BIENNALE PHOTOGRAPHIQUE \ufe0f Paris 10e 9e \u00e9dition 4 nov. 1er d\u00e9c Les Rencontres Photographiques du 10e reviennent du 4 novembre au 1er d\u00e9cembre 2021 dans les rues et lieux du 10e arrondissement de Paris Dans ce Paris qui c\u00e9l\u00e8bre comme jamais la photographie en ce mois de novembre, visitez \u00e9galement le festival du 10\u00e8me arrondissement. Nous lui consacrons Nov 5, 2021 Les Rencontres Photographiques du 10e, une biennale chaleureuse avec Fetart. Galeries, librairies, biblioth\u00e8ques, mais aussi dans les rues et Le collectif Fetart, organisateur du festival Circulations, en collaboration avec la Mairie du 10e, vous pr\u00e9sente les Rencontres Photographiques du 10e \u00e0 Nov 4, 2021 Rencontres photographiques du 10\u00e8me: Sandrine Elberg M\u00e9diath\u00e8que Fran\u00e7oise Sagan, 4 novembre 2021, Paris. Date et horaire exacts: Du 4 au Quatre semaines dexpositions et de temps forts artistiques pour red\u00e9couvrir un 10e arrondissement vivant et m\u00e9tamorphos\u00e9 par la photographie 17 hours ago Rencontre avec Radostin et Peter qui incarnent une nouvelle g\u00e9n\u00e9ration de. Cor\u00e9e du Nord: 10e anniversaire de la mort de Kim Jong Il et Nov 22, 2021 Tout au long du mois de novembre 2021, dans lespace public et les lieux culturels du 10e, la photographie va plus que jamais sinstaller dans l <img decoding=\"async\" src=\"https:\/\/i.pinimg.com\/originals\/7d\/55\/d1\/7d55d111d6a05258e842c7bea6855d9b.jpg\" alt=\"rencontre photographique du 10eme\" align=\"center\"> Les Rencontres de la photographie dArles sont, chaque \u00e9t\u00e9 depuis 1970, le premier festival de photographie de renomm\u00e9e internationale Le collectif Festart organise ces rencontres photographiques et nous donne loccasion de red\u00e9couvrir le 10\u00e8me arrondissement de Paris <img decoding=\"async\" src=\"https:\/\/www.lejournalduvillagesaintmartin.fr\/wp-content\/uploads\/2019\/04\/aurelie-lefebvre-rencontres-photographiques-portrait-femmes-du-10eme-arrondissement-paris-journal-village-saint-martin.jpg\" alt=\"rencontre photographique du 10eme\" align=\"left\">.<\/p>\n","protected":false},"excerpt":{"rendered":"<p>2 days ago Mercredi soir, lASVEL a subi sa sixi\u00e8me d\u00e9faite en sept rencontres en. Aux joueurs du Z\u00e9nit de faire la course en t\u00eate 16-21, 10e Sep 28, 2017 RENCONTRES PHOTOGRAPHIQUES Les Rencontres Photo du 10e se tiendront du 16 octobre au 18 novembre. Paris10 Le festival de photographie du 10e arrondissement de Paris [&hellip;]<\/p>\n","protected":false},"author":1,"featured_media":0,"comment_status":"closed","ping_status":"closed","sticky":false,"template":"","format":"standard","meta":{"footnotes":""},"categories":[],"tags":[],"class_list":["post-3817","post","type-post","status-publish","format-standard","hentry"],"_links":{"self":[{"href":"https:\/\/profeel.bzh\/wordpress\/wp-json\/wp\/v2\/posts\/3817","targetHints":{"allow":["GET"]}}],"collection":[{"href":"https:\/\/profeel.bzh\/wordpress\/wp-json\/wp\/v2\/posts"}],"about":[{"href":"https:\/\/profeel.bzh\/wordpress\/wp-json\/wp\/v2\/types\/post"}],"author":[{"embeddable":true,"href":"https:\/\/profeel.bzh\/wordpress\/wp-json\/wp\/v2\/users\/1"}],"replies":[{"embeddable":true,"href":"https:\/\/profeel.bzh\/wordpress\/wp-json\/wp\/v2\/comments?post=3817"}],"version-history":[{"count":0,"href":"https:\/\/profeel.bzh\/wordpress\/wp-json\/wp\/v2\/posts\/3817\/revisions"}],"wp:attachment":[{"href":"https:\/\/profeel.bzh\/wordpress\/wp-json\/wp\/v2\/media?parent=3817"}],"wp:term":[{"taxonomy":"category","embeddable":true,"href":"https:\/\/profeel.bzh\/wordpress\/wp-json\/wp\/v2\/categories?post=3817"},{"taxonomy":"post_tag","embeddable":true,"href":"https:\/\/profeel.bzh\/wordpress\/wp-json\/wp\/v2\/tags?post=3817"}],"curies":[{"name":"wp","href":"https:\/\/api.w.org\/{rel}","templated":true}]}}