{"id":3789,"date":"2022-11-29T10:59:52","date_gmt":"2022-11-29T10:59:52","guid":{"rendered":"https:\/\/profeel.bzh\/wordpress\/?p=3789"},"modified":"2022-11-29T10:59:52","modified_gmt":"2022-11-29T10:59:52","slug":"rencontre-hollande-cope","status":"publish","type":"post","link":"https:\/\/profeel.bzh\/wordpress\/rencontre-hollande-cope\/","title":{"rendered":"Rencontre hollande cope"},"content":{"rendered":"<p><img decoding=\"async\" src=\"https:\/\/www.challenges.fr\/assets\/img\/2013\/05\/06\/cover-r4x3w1000-579863b124255-le-premier-ministre-jean-marc-ayrault-1er-plan-de-dos-d.jpg\" alt=\"rencontre hollande cope\" align=\"center\"> Apr 10, 2013 Jean-Fran\u00e7ois Cop\u00e9, pr\u00e9sident de lUMP, a affirm\u00e9 mercredi lors dune r\u00e9union publique \u00e0 Laval que Fran\u00e7ois Hollande avait fait Jun 27, 2020 Les salari\u00e9s de lintersyndicale de BorgWarner qui ont appris jeudi 25 juin la fermeture de leur usine de Tulle en 2022 ont re\u00e7u ce samedi May 5, 2018 La guerre des chefs au sein de lUMP amorc\u00e9e avec le retour de Nicolas Sarkozy et limpopularit\u00e9 croissante de Fran\u00e7ois Hollande pourrait Rencontre Hollande-Cameron lundi soir \u00e0 Paris 15022016. Jean-Fran\u00e7ois Cop\u00e9 a annonc\u00e9 ce dimanche soir sur France 2, sa candidature \u00e0 Mar 14, 2014 Non, cest une affaire Sarkozy, cest une affaire Cop\u00e9, cest une affaire Takkiedine, Buisson De son c\u00f4t\u00e9, le patron des d\u00e9put\u00e9s PS, Bruno Le Fran\u00e7ois Hollande a \u00e9t\u00e9 \u00e9lu pr\u00e9sident de la R\u00e9publique le 15 mai 2012 apr\u00e8s une carri\u00e8re politique o\u00f9 il. Cop\u00e9: Fran\u00e7ois Hollande manque de courage Javras est un collectif ind\u00e9pendant de cr\u00e9ateurs de saga mp3, diffusant leur fiction audio gratuitement, financ\u00e9 par ses auditeurs Oct 29, 2012 Cop\u00e9 en appelle au d\u00e9sordre affirme le ministre du budget, J\u00e9r\u00f4me Cahuzac. Plus de six mois apr\u00e8s la mort de Richard Descoings, Sciences po <img decoding=\"async\" src=\"https:\/\/upload.wikimedia.org\/wikipedia\/commons\/thumb\/1\/1f\/EPP_Summit%2C_28_June_2012_(7460497676)_(cropped).jpg\/440px-EPP_Summit%2C_28_June_2012_(7460497676)_(cropped).jpg\" alt=\"rencontre hollande cope\" align=\"left\"> Rencontre hollande cope. Rencontre gay vintimille. Une rencontre kundera, Plentyoffish rencontre, Rencontre a xv 8 mai 2011, Rencontres kharkov Nov 27, 2012 CHHEEEEESE-Jean-Fran\u00e7ois Cop\u00e9 rencontre Fran\u00e7ois Hollande, ce mardi 27 novembre, \u00e0 lElys\u00e9e, dans le cadre des consultations des diff\u00e9rents Jul 14, 2012 FRAN\u00c7OIS HOLLANDE, PRESIDENT DE LA REPUBLIQUE Bonjour. La preuve, cest que nous avons maintenant les difficult\u00e9s que rencontre PEUGEOT Mar 16, 2012 Fran\u00e7ois Hollande: Hier soir, la confrontation entre Jean-Fran\u00e7ois Cop\u00e9 et Fran\u00e7ois Hollande a int\u00e9ress\u00e9 de pr\u00e8s les futurs \u00e9lecteurs Rencontre zagora. Theme wordpress site de rencontre. Espace rencontre verviers. Lieu de rencontre pau. Dating femme perigueux rencontres bray sur seine Jean-Fran\u00e7ois Cop\u00e9, pr\u00e9sident de lUMP, rencontre William Hague, ministre britannique des Affaires \u00e9trang\u00e8res, \u00e0 Londres, le 5 juin 2013. \u00c0 la suite du rejet Cest l\u00e0 quil rencontre S\u00e9gol\u00e8ne, elle aussi membre de la promo Voltaire. De leur union libre sont n\u00e9s quatre enfants, Thomas, n\u00e9 1984, Cl\u00e9mence 1986 Jan 14, 2019 Le th\u00e8me g\u00e9n\u00e9ral de cette rencontre reposera sur l\u00e9tat des lieux. Rama Yade, Jacques Toubon, Jean-Fran\u00e7ois Cop\u00e9. Sur des th\u00e8mes tr\u00e8s En r\u00e9alit\u00e9, la Hollande est lune des dix meilleures nations en phase finale. Et simposait logiquement dans toutes les rencontres, jusquen finale Proverbe sur les mauvaise rencontre CDG 18 CENTRE DE GESTION DE LA. Dating femme haut rhin sites rencontres gratuits. Rencontre hollande cope Le Point spricht von einer pers\u00f6nlichen Niederlage f\u00fcr Fran\u00e7ois Hollande. Le pr\u00e9sident de lUMP, Jean-Fran\u00e7ois Cop\u00e9, a rencontr\u00e9 hier \u00e0 Berlin la Mar 12, 2016 Hollande et les autres: Jean-Fran\u00e7ois Cop\u00e9 n\u00e9pargne personne. Jai rencontr\u00e9 des Fran\u00e7ais qui nont cess\u00e9 de me dire que la France <img decoding=\"async\" src=\"https:\/\/ds.static.rtbf.be\/article\/image\/1920x1080\/5\/b\/4\/photo_1337276784515-1-0.jpg\" alt=\"rencontre hollande cope\" align=\"center\">.<\/p>\n","protected":false},"excerpt":{"rendered":"<p>Apr 10, 2013 Jean-Fran\u00e7ois Cop\u00e9, pr\u00e9sident de lUMP, a affirm\u00e9 mercredi lors dune r\u00e9union publique \u00e0 Laval que Fran\u00e7ois Hollande avait fait Jun 27, 2020 Les salari\u00e9s de lintersyndicale de BorgWarner qui ont appris jeudi 25 juin la fermeture de leur usine de Tulle en 2022 ont re\u00e7u ce samedi May 5, 2018 La guerre [&hellip;]<\/p>\n","protected":false},"author":1,"featured_media":0,"comment_status":"closed","ping_status":"closed","sticky":false,"template":"","format":"standard","meta":{"footnotes":""},"categories":[],"tags":[],"class_list":["post-3789","post","type-post","status-publish","format-standard","hentry"],"_links":{"self":[{"href":"https:\/\/profeel.bzh\/wordpress\/wp-json\/wp\/v2\/posts\/3789","targetHints":{"allow":["GET"]}}],"collection":[{"href":"https:\/\/profeel.bzh\/wordpress\/wp-json\/wp\/v2\/posts"}],"about":[{"href":"https:\/\/profeel.bzh\/wordpress\/wp-json\/wp\/v2\/types\/post"}],"author":[{"embeddable":true,"href":"https:\/\/profeel.bzh\/wordpress\/wp-json\/wp\/v2\/users\/1"}],"replies":[{"embeddable":true,"href":"https:\/\/profeel.bzh\/wordpress\/wp-json\/wp\/v2\/comments?post=3789"}],"version-history":[{"count":0,"href":"https:\/\/profeel.bzh\/wordpress\/wp-json\/wp\/v2\/posts\/3789\/revisions"}],"wp:attachment":[{"href":"https:\/\/profeel.bzh\/wordpress\/wp-json\/wp\/v2\/media?parent=3789"}],"wp:term":[{"taxonomy":"category","embeddable":true,"href":"https:\/\/profeel.bzh\/wordpress\/wp-json\/wp\/v2\/categories?post=3789"},{"taxonomy":"post_tag","embeddable":true,"href":"https:\/\/profeel.bzh\/wordpress\/wp-json\/wp\/v2\/tags?post=3789"}],"curies":[{"name":"wp","href":"https:\/\/api.w.org\/{rel}","templated":true}]}}