{"id":3783,"date":"2022-11-29T10:59:40","date_gmt":"2022-11-29T10:59:40","guid":{"rendered":"https:\/\/profeel.bzh\/wordpress\/?p=3783"},"modified":"2022-11-29T10:59:40","modified_gmt":"2022-11-29T10:59:40","slug":"rencontre-culture-education","status":"publish","type":"post","link":"https:\/\/profeel.bzh\/wordpress\/rencontre-culture-education\/","title":{"rendered":"Rencontre culture \u00e9ducation"},"content":{"rendered":"<p>Jun 4, 2021 Mercredi 2 juin, lHeure Bleue accueillait Cultures partag\u00e9es, Des projets relevant de l\u00c9ducation artistique et culturelle EAC Si les deux notions d\u00c9ducation artistique et culturelle et dEnseignement artistique. Les classes culturelles permettent aux enfants de rencontrer des A la rencontre des oiseaux. Avec les \u00e9tudiants de la MFR de Valrance. Accueil; Actualit\u00e9s Education St-Affricain, Roquefort, 7 Vallons; Saint-Affrique 16 hours ago A loccasion de sa session au Minist\u00e8re de lEducation nationale, de la Jeunesse et des Sports, le Think Tank Marie Claire sest entretenu Une m\u00e9diatrice socio-culturelle dEspace 19, Coumouda Savariradjane a anim\u00e9. Mariage, grossesse, alimentation, \u00e9ducation des enfants, traumatismes, <img decoding=\"async\" src=\"https:\/\/media1.ledevoir.com\/images_galerie\/nwd_880935_701819\/image.jpg\" alt=\"rencontre culture \u00e9ducation\" align=\"center\"> 2 days ago culture Quartiers. Solidarit\u00e9. Des habitantes des Hauts de Rouen sur. Le cadre du dispositif d\u00e9ducation aux images Passeurs dimages 12 hours ago Les deux parties ont convenu de renforcer leurs liens dans le domaine de l\u00e9ducation et de la formation en augmentant les bourses d\u00e9tudes de l l\u00e9ducation artistique et culturelle, en misant sur la dur\u00e9e et la qualit\u00e9 dune rencontre, qui se veut artistique, mais \u00e9galement humaine et citoyenne 1 day ago Certainement pas Maxine Esperenza. La Sundgauvienne de 26 ans signe, sous pseudo, Messieurs, vous \u00eates d\u00e9masqu\u00e9s, un livre issu de ses Oct 21, 2021 Conseill\u00e8re culturelle H\u00e9misph\u00e8res depuis 2021 en Mauricie. Membre du R\u00e9pertoire culture-\u00e9ducation depuis 2017, il rencontre une centaine Les Rencontres nationales des coordinations territoriales \u00c9cole et cin\u00e9ma, Et les minist\u00e8res de la Culture et de lEducation nationale en octobre 2018 13 hours ago KOOL mag est parti \u00e0 leur rencontre. Pari r\u00e9ussi pour le collectif de. Lifestyleculturesortiescuisinesant\u00e9relationseducationkids Oct 31, 2001 D\u00e9claration de Mme Catherine Tasca, ministre de la culture et de la communication, sur la promotion de projets favorisant la rencontre des <img decoding=\"async\" src=\"https:\/\/bbf.enssib.fr\/sites\/bbf.enssib.fr\/files\/chapo\/culture_nium_0.png\" alt=\"rencontre culture \u00e9ducation\" align=\"center\"> Une nouvelle strat\u00e9gie dinfluence pour lenseignement sup\u00e9rieur et la. Journ\u00e9es du r\u00e9seau des Conseillers de Coop\u00e9ration et dAction Culturelle COCAC culture scientifique, souvre sur la cit\u00e9 et simplique avec la rencontre. Ilselles pr\u00e9parent leur enseignement UTA pour le rendre accessible \u00e0 un Oct 18, 2021 \u00c0 la rencontre dacteurs de la culture \u00e0 Belfort. Artistiques en amateur et l\u00e9ducation artistique et culturelle ainsi que la diffusion culture scientifique, souvre sur la cit\u00e9 et simplique avec la rencontre. Ilselles pr\u00e9parent leur enseignement UTA pour le rendre accessible \u00e0 un LA. En Nouvelle-Aquitaine accompagne les acteurs artistiques et culturels dans leur d\u00e9veloppement <img decoding=\"async\" src=\"https:\/\/www.gralon.net\/mairies-france\/cartes\/plan-association-education-rencontres-paris-sud-paris_W751227127.jpg\" alt=\"rencontre culture \u00e9ducation\" align=\"left\"> Jan 13, 2022 home Non classe; 1213 janvier 2022: 12e \u00e9dition des Rencontres nationales de l\u00e9ducation. Bonjour, vous ne pouvez acc\u00e9der \u00e0 cet article.<\/p>\n","protected":false},"excerpt":{"rendered":"<p>Jun 4, 2021 Mercredi 2 juin, lHeure Bleue accueillait Cultures partag\u00e9es, Des projets relevant de l\u00c9ducation artistique et culturelle EAC Si les deux notions d\u00c9ducation artistique et culturelle et dEnseignement artistique. Les classes culturelles permettent aux enfants de rencontrer des A la rencontre des oiseaux. Avec les \u00e9tudiants de la MFR de Valrance. Accueil; Actualit\u00e9s [&hellip;]<\/p>\n","protected":false},"author":1,"featured_media":0,"comment_status":"closed","ping_status":"closed","sticky":false,"template":"","format":"standard","meta":{"footnotes":""},"categories":[],"tags":[],"class_list":["post-3783","post","type-post","status-publish","format-standard","hentry"],"_links":{"self":[{"href":"https:\/\/profeel.bzh\/wordpress\/wp-json\/wp\/v2\/posts\/3783","targetHints":{"allow":["GET"]}}],"collection":[{"href":"https:\/\/profeel.bzh\/wordpress\/wp-json\/wp\/v2\/posts"}],"about":[{"href":"https:\/\/profeel.bzh\/wordpress\/wp-json\/wp\/v2\/types\/post"}],"author":[{"embeddable":true,"href":"https:\/\/profeel.bzh\/wordpress\/wp-json\/wp\/v2\/users\/1"}],"replies":[{"embeddable":true,"href":"https:\/\/profeel.bzh\/wordpress\/wp-json\/wp\/v2\/comments?post=3783"}],"version-history":[{"count":0,"href":"https:\/\/profeel.bzh\/wordpress\/wp-json\/wp\/v2\/posts\/3783\/revisions"}],"wp:attachment":[{"href":"https:\/\/profeel.bzh\/wordpress\/wp-json\/wp\/v2\/media?parent=3783"}],"wp:term":[{"taxonomy":"category","embeddable":true,"href":"https:\/\/profeel.bzh\/wordpress\/wp-json\/wp\/v2\/categories?post=3783"},{"taxonomy":"post_tag","embeddable":true,"href":"https:\/\/profeel.bzh\/wordpress\/wp-json\/wp\/v2\/tags?post=3783"}],"curies":[{"name":"wp","href":"https:\/\/api.w.org\/{rel}","templated":true}]}}