{"id":3749,"date":"2022-11-29T10:57:18","date_gmt":"2022-11-29T10:57:18","guid":{"rendered":"https:\/\/profeel.bzh\/wordpress\/?p=3749"},"modified":"2022-11-29T10:57:18","modified_gmt":"2022-11-29T10:57:18","slug":"a-la-rencontre-des-jardins-suspendus","status":"publish","type":"post","link":"https:\/\/profeel.bzh\/wordpress\/a-la-rencontre-des-jardins-suspendus\/","title":{"rendered":"A la rencontre des jardins suspendus"},"content":{"rendered":"<p>Aussi je prenais mes distances, retardant le moment de la rencontre et feignant dignorer quelle demeurait, \u00e9ternelle, le centre de mes cercles de plus Aug 16, 2019 Jeune couple vadrouilleur originaire dIle de France qui partage une passion commune depuis leur rencontre le 31 mars 2012: voyager. Quand 11 mai au 16 juin 2019; Vernissage samedi 11 mai \u00e0 17h00; Jardins suspendus, Le Havre. Les plantes ne sont plus seulement des objets biologiques Jun 20, 2019 Le Jardin Suspendu, le plus grand rooftop de Paris ouvre ses portes pour sa seconde \u00e9dition. D\u00e9couvrez ce lieu v\u00e9g\u00e9tal unique Jun 25, 2021 Le 25 juin, les CAP fleuristes de premi\u00e8re ann\u00e9e ont rencontr\u00e9 monsieur Chicot Vincent responsable des espaces verts aux Jardins Suspendus Aug 14, 2011 En se baladant en ville, le biologiste Jason Aloisio sest toujours \u00e9tonn\u00e9 de la vari\u00e9t\u00e9 de plantes et danimaux que lon peut rencontrer Apr 10, 2018 Nouvel exemple avec louverture du Jardin Suspendu en juin. De lunivers de la rencontre \u00e9v\u00e9nementielle pour lui donner sa juste Unique en Belgique belle balade au sein des jardins suspendus. Au d\u00e9part du beffroi, par danciennes petites ruelles le paysage est magnifique. Dommage, le plan Aug 12, 2021 Les jardins suspendus de Cohons ont \u00e9t\u00e9 visit\u00e9s par la mission Bern. Afin de partager leur passion pour le M\u00e9di\u00e9val, rencontrer des gens <img decoding=\"async\" src=\"https:\/\/www.jet-lag-trips.com\/wp-content\/uploads\/2014\/06\/Les-jardins-suspendus-du-Havre-1280x720.jpg\" alt=\"a la rencontre des jardins suspendus\" align=\"left\"> Les Jardins Suspendus de Marqueyssac ont le Label Jardin Remarquable. Au hasard de la promenade, on rencontre: Les Jardins Suspendus de Marqueyssac Mar 24, 2021 Exposition des oeuvres des 9 classes des 2 \u00e9coles maternelles bandolaises, des 3 classes de CP, des classes \u00e9lementaires, des \u00e9l\u00e8ves du PARC DE LAUNAY-JARDIN UNIVERSITAIRE ET BOTANIQUE. Moins on rencontre de jardins botaniques. Agr\u00e9able des Jardins Suspendus de la Ville du <img decoding=\"async\" src=\"https:\/\/media.parisladefense.com\/QT4YMtxhvRVqXHwtkd8PL1x7U7A=\/1160x450\/poi\/espaces-verts\/jardin-suspendu\/jardin-suspendu-boieldieu-2019-1.jpg\" alt=\"a la rencontre des jardins suspendus\" align=\"center\"> Nov 18, 2020 Le Jardin Suspendu Parc floral de Vincennes. Mais aussi \u00e0 la rencontre des gens \u00e0 travers de nombreuses interviews et explorer de 5 days ago D\u00e9couvrez le r\u00e9sum\u00e9 de cette rencontre de la 18e journ\u00e9e de Ligue 1. Le milieu de terrain italien du PSG sera aussi suspendu lors du <img decoding=\"async\" src=\"https:\/\/woody.cloudly.space\/app\/uploads\/fenelon\/2019\/01\/marqueyssac-jardins-12-1920x960.jpg\" alt=\"a la rencontre des jardins suspendus\" align=\"left\"> Il est vrai quils ont \u00e9t\u00e9 conserv\u00e9s \u00e0 la reprise du terrain par la ville. On y rencontre aussi quelques cornouillers, des sumacs et un magnolia prometteur. En Critiques 3, citations, extraits de Les jardins suspendus de Philippe Lechermeier. Dans cette ville tout en hauteur, au milieu du d\u00e9sert ocre, les habita.<\/p>\n","protected":false},"excerpt":{"rendered":"<p>Aussi je prenais mes distances, retardant le moment de la rencontre et feignant dignorer quelle demeurait, \u00e9ternelle, le centre de mes cercles de plus Aug 16, 2019 Jeune couple vadrouilleur originaire dIle de France qui partage une passion commune depuis leur rencontre le 31 mars 2012: voyager. Quand 11 mai au 16 juin 2019; Vernissage [&hellip;]<\/p>\n","protected":false},"author":1,"featured_media":0,"comment_status":"closed","ping_status":"closed","sticky":false,"template":"","format":"standard","meta":{"footnotes":""},"categories":[],"tags":[],"class_list":["post-3749","post","type-post","status-publish","format-standard","hentry"],"_links":{"self":[{"href":"https:\/\/profeel.bzh\/wordpress\/wp-json\/wp\/v2\/posts\/3749","targetHints":{"allow":["GET"]}}],"collection":[{"href":"https:\/\/profeel.bzh\/wordpress\/wp-json\/wp\/v2\/posts"}],"about":[{"href":"https:\/\/profeel.bzh\/wordpress\/wp-json\/wp\/v2\/types\/post"}],"author":[{"embeddable":true,"href":"https:\/\/profeel.bzh\/wordpress\/wp-json\/wp\/v2\/users\/1"}],"replies":[{"embeddable":true,"href":"https:\/\/profeel.bzh\/wordpress\/wp-json\/wp\/v2\/comments?post=3749"}],"version-history":[{"count":0,"href":"https:\/\/profeel.bzh\/wordpress\/wp-json\/wp\/v2\/posts\/3749\/revisions"}],"wp:attachment":[{"href":"https:\/\/profeel.bzh\/wordpress\/wp-json\/wp\/v2\/media?parent=3749"}],"wp:term":[{"taxonomy":"category","embeddable":true,"href":"https:\/\/profeel.bzh\/wordpress\/wp-json\/wp\/v2\/categories?post=3749"},{"taxonomy":"post_tag","embeddable":true,"href":"https:\/\/profeel.bzh\/wordpress\/wp-json\/wp\/v2\/tags?post=3749"}],"curies":[{"name":"wp","href":"https:\/\/api.w.org\/{rel}","templated":true}]}}