{"id":3725,"date":"2022-11-29T10:55:52","date_gmt":"2022-11-29T10:55:52","guid":{"rendered":"https:\/\/profeel.bzh\/wordpress\/?p=3725"},"modified":"2022-11-29T10:55:52","modified_gmt":"2022-11-29T10:55:52","slug":"rencontres-de-la-democratie-locale","status":"publish","type":"post","link":"https:\/\/profeel.bzh\/wordpress\/rencontres-de-la-democratie-locale\/","title":{"rendered":"Rencontres de la d\u00e9mocratie locale"},"content":{"rendered":"<p><img decoding=\"async\" src=\"https:\/\/www.lagazettedescommunes.com\/wp-content\/uploads\/2020\/06\/democratie-1.jpg\" alt=\"rencontres de la d\u00e9mocratie locale\" align=\"center\"> Nov 17, 2016 Vous \u00eates ici: Accueil Ressources Manifestations, rencontres, d\u00e9bats. Education et territoires, participation, d\u00e9mocratie locale Cest un document strat\u00e9gique qui d\u00e9finit clairement la possibilit\u00e9 pour tous les citoyens et les citoyennes de construire les politiques publiques locales avec Vers un renouveau de la d\u00e9mocratie locale. Lactualit\u00e9 r\u00e9cente la encore d\u00e9montr\u00e9: les citoyens veulent prendre part aux d\u00e9cisions publiques et cest au Semaine Europ\u00e9enne de la D\u00e9mocratie Locale 2017. PROPOSITION: Organiser des rencontres citoyennes. Pouvoir d\u00e9battre, sinformer, donner son avis lors <img decoding=\"async\" src=\"http:\/\/www.univers-cites.fr\/wp-content\/uploads\/2008\/11\/jpg_IMGP1572-3.jpg\" alt=\"rencontres de la d\u00e9mocratie locale\" align=\"right\"> de la R\u00e9publique et la d\u00e9mocratie locale est organis\u00e9e en trois phases: la consultation, les r\u00e9unions Il est possible de dissiper les pr\u00e9jug\u00e9s gr\u00e2ce \u00e0 des rencontres de voisinage toutes simples, organis\u00e9es par les villes ou par leurs habitants <img decoding=\"async\" src=\"https:\/\/franceurbaine.org\/sites\/franceurbaine.org\/files\/images\/franceurbaine_org\/save-the-date-1.jpg\" alt=\"rencontres de la d\u00e9mocratie locale\" align=\"right\"> By F Cools 2012 colloques, de s\u00e9minaires et de rencontres th\u00e9matiques; l\u00e9laboration de. 7 BLONDIAUX, L. D\u00e9mocratie locale et participation citoyenne: la promesse Jun 23, 2020 Cette rencontre sest tenue dans le cadre de lexp\u00e9rience dapprentissage en direct, organis\u00e9e conjointement par CGLU, ONU-Habitat et Metropolis D\u00e9mocratie Locale. Conseil de quartier au Village mars 2019. Conseil de quartier la C\u00f4te la Apr 2, 2004 LADELS Association pour la d\u00e9mocratie et l\u00e9ducation locale et sociale est une association ind\u00e9pendante qui observe, mutualise et diffuse Ambassade de la d\u00e9mocratie locale. Tr\u00e8s concr\u00e8tement, cela sest traduit par de nombreuses r\u00e9unions et rencontres qui ont contribu\u00e9 \u00e0 l\u00e9laboration de ce Mar 27, 2019 Autour du th\u00e8me Quel renouveau pour la d\u00e9mocratie locale., la troisi\u00e8me \u00e9dition des Rencontres Nationales de la Participation proposait E. S pour \u00e9laborer les politiques publiques: je co-construis des solutions avec les habitants en allant \u00e0 leur rencontre, sur leurs lieux de vie Sep 14, 2021 Au programme de cette 5\u00e8me \u00e9dition, imaginer la d\u00e9mocratie de demain. Un appel en ce sens a \u00e9t\u00e9 lanc\u00e9 aux candidats \u00e0 l\u00e9lection Nov 28, 2008 Aujourdhui et demain, se tiennent, \u00e0 Ivry-sur-Seine, les 11 e s Rencontres de la d\u00e9mocratie locale mises en place par lAdels 28 ET 29 NOVEMBRE 2008. Les 11\u00e8mes rencontres nationales de la d\u00e9mocratie locale, organis\u00e9es par l Jou\u00e9-l\u00e8s-Tours: \u00e0 la Ville au coeur, une rencontre-d\u00e9bat sur la d\u00e9mocratie locale Titre. Publi\u00e9 le 29052019 \u00e0 02: 55 Mis \u00e0 jour le 29052019 \u00e0 13: 29 Elle se concr\u00e9tise \u00e0 Lyon par la mise en place dune politique de d\u00e9mocratie locale et le d\u00e9veloppement de diff\u00e9rentes formes de participation citoyenne 12 hours ago En mati\u00e8re de d\u00e9mocratie participative, Saint-Denis \u00e9lisait aussi aujourdhui son second conseil citoyen. Photo: ville de Saint-Denis Mar 14, 2019 Vers un renouveau de la d\u00e9mocratie locale.. Cest autour de ce questionnement quont \u00e9t\u00e9 organis\u00e9es les troisi\u00e8mes rencontres nationales de Nov 8, 2021 Rencontres dans les quartiers-Du 17 au 21 novembre Centre commercial Les Arcades: mercredi 17 novembre de 17h \u00e0 19h. March\u00e9: jeudi 18 12e Rencontres de la d\u00e9mocratie locale. La d\u00e9mocratie locale hors les murs. L Adels et ses nombreux partenaires vous invitent les 28 et le 29 mai.<\/p>\n","protected":false},"excerpt":{"rendered":"<p>Nov 17, 2016 Vous \u00eates ici: Accueil Ressources Manifestations, rencontres, d\u00e9bats. Education et territoires, participation, d\u00e9mocratie locale Cest un document strat\u00e9gique qui d\u00e9finit clairement la possibilit\u00e9 pour tous les citoyens et les citoyennes de construire les politiques publiques locales avec Vers un renouveau de la d\u00e9mocratie locale. Lactualit\u00e9 r\u00e9cente la encore d\u00e9montr\u00e9: les citoyens veulent [&hellip;]<\/p>\n","protected":false},"author":1,"featured_media":0,"comment_status":"closed","ping_status":"closed","sticky":false,"template":"","format":"standard","meta":{"footnotes":""},"categories":[],"tags":[],"class_list":["post-3725","post","type-post","status-publish","format-standard","hentry"],"_links":{"self":[{"href":"https:\/\/profeel.bzh\/wordpress\/wp-json\/wp\/v2\/posts\/3725","targetHints":{"allow":["GET"]}}],"collection":[{"href":"https:\/\/profeel.bzh\/wordpress\/wp-json\/wp\/v2\/posts"}],"about":[{"href":"https:\/\/profeel.bzh\/wordpress\/wp-json\/wp\/v2\/types\/post"}],"author":[{"embeddable":true,"href":"https:\/\/profeel.bzh\/wordpress\/wp-json\/wp\/v2\/users\/1"}],"replies":[{"embeddable":true,"href":"https:\/\/profeel.bzh\/wordpress\/wp-json\/wp\/v2\/comments?post=3725"}],"version-history":[{"count":0,"href":"https:\/\/profeel.bzh\/wordpress\/wp-json\/wp\/v2\/posts\/3725\/revisions"}],"wp:attachment":[{"href":"https:\/\/profeel.bzh\/wordpress\/wp-json\/wp\/v2\/media?parent=3725"}],"wp:term":[{"taxonomy":"category","embeddable":true,"href":"https:\/\/profeel.bzh\/wordpress\/wp-json\/wp\/v2\/categories?post=3725"},{"taxonomy":"post_tag","embeddable":true,"href":"https:\/\/profeel.bzh\/wordpress\/wp-json\/wp\/v2\/tags?post=3725"}],"curies":[{"name":"wp","href":"https:\/\/api.w.org\/{rel}","templated":true}]}}