{"id":3695,"date":"2022-11-29T10:53:59","date_gmt":"2022-11-29T10:53:59","guid":{"rendered":"https:\/\/profeel.bzh\/wordpress\/?p=3695"},"modified":"2022-11-29T10:53:59","modified_gmt":"2022-11-29T10:53:59","slug":"rencontres-contees","status":"publish","type":"post","link":"https:\/\/profeel.bzh\/wordpress\/rencontres-contees\/","title":{"rendered":"Rencontres cont\u00e9es"},"content":{"rendered":"<p><img decoding=\"async\" src=\"https:\/\/www.letelegramme.fr\/images\/2009\/07\/22\/479857_5640647-broceliandebd-v130g.jpg\" alt=\"rencontres cont\u00e9es\" align=\"right\"> <img decoding=\"async\" src=\"http:\/\/helenebardot.fr\/wp-content\/uploads\/2016\/04\/Ribemont-Dessaignes-248x300.jpg\" alt=\"rencontres cont\u00e9es\" align=\"center\"> Aug 22, 2021 Contes et rencontres-Des fleurs et des abeilles. \u00c0 lombre dun grand ch\u00eane et retrouvez un passeur dhistoires pour une sieste cont\u00e9e Feb 29, 2020 Articles traitant de Contes et Rencontres \u00e9crits par regainfoyerrrural Retrouvez le programme promotionnel en ligne du festival Contes et rencontres qui devait avoir lieu du 6 au 20 f\u00e9vier 2021 et qui a \u00e9t\u00e9 reprogramm\u00e9 sur Nov 26, 2021 Com\u00e9diens, chanteurs et musiciens vont \u00e0 la rencontre des. Contes et chants Cie Les Zinzins Maison des Habitant-es Abbaye, 1312 Aug 7, 2021 Prenons la mer pour un voyage musical imaginaire \u00e0 la rencontre des personnages f\u00e9minins des contes de f\u00e9e. Au programme, des sir\u00e8nes Dec 8, 2021 Durant toute la dur\u00e9e de la For\u00eat enchant\u00e9e, loffice de tourisme propose des visites cont\u00e9es Histoires et l\u00e9gendes de la For\u00eat enchant\u00e9e Festival Contes et Rencontres Nyons, Nyons. 883 Jaime 20 en parlent. Contes et Rencontres est une association de loi 1901, son but et de promouvoir Jun 19, 2017 Pendant plusieurs semaines, les contes vont investir les terres de la bataille de la Peene. Les associations culturelles \u00c0 chacun son livre Aug 22, 2021 Contes et rencontres Des fleurs et des abeilles. Partez \u00e0 la rencontre de passeurs de traditions qui perp\u00e9tuent un savoir-faire <img decoding=\"async\" src=\"https:\/\/www.unidivers.fr\/wp-content\/uploads\/2021\/09\/week-end-des-editions-daendrevi-a-paimpont-rencontres-dedicaces-balade-contee.-paimpont-2021-09-25.jpg\" alt=\"rencontres cont\u00e9es\" align=\"left\"> Rencontres et d\u00e9dicaces-cont\u00e9es \u00e0 la librairie lEsperlu\u00e8te-Chartres Souleymane Mbodj, conteur, musicien et auteur: samedi 15 octobre \u00e0 16h30 Malika Dec 1, 2021 Les spectacles Contes et Rencontres 2021, \u00e7a continue. Librokiosk et le foyer rural Les Ptits Cailloux accueillent le spectacle Promotion du conte et des arts de la parole; Festival Contes et Rencontres \u00e0 Nyons; Animations culturelles, etc. Co-Pr\u00e9sident: Guy CASTELLY Cotisation 2 days ago Les dix-huit contes de la pasteure Isabelle Gerber permettent de r\u00e9fl\u00e9chir. Lucie est dans le noir mais une rencontre va guider ses pas Contes et rencontres convie, depuis sa cr\u00e9ation, toutes les formes dexpression de la parole. Nom du contact: Marie Huget Dates 2018: Du 3 au 17 f\u00e9vrier Feb 19, 2016 Voyage au pays des contes. Ou rencontre avec Kamel Zouaoui, conteur et com\u00e9dien. Un lundi de f\u00e9vrier, les \u00e9l\u00e8ves attentifs guettent avec.<\/p>\n","protected":false},"excerpt":{"rendered":"<p>Aug 22, 2021 Contes et rencontres-Des fleurs et des abeilles. \u00c0 lombre dun grand ch\u00eane et retrouvez un passeur dhistoires pour une sieste cont\u00e9e Feb 29, 2020 Articles traitant de Contes et Rencontres \u00e9crits par regainfoyerrrural Retrouvez le programme promotionnel en ligne du festival Contes et rencontres qui devait avoir lieu du 6 au 20 [&hellip;]<\/p>\n","protected":false},"author":1,"featured_media":0,"comment_status":"closed","ping_status":"closed","sticky":false,"template":"","format":"standard","meta":{"footnotes":""},"categories":[],"tags":[],"class_list":["post-3695","post","type-post","status-publish","format-standard","hentry"],"_links":{"self":[{"href":"https:\/\/profeel.bzh\/wordpress\/wp-json\/wp\/v2\/posts\/3695","targetHints":{"allow":["GET"]}}],"collection":[{"href":"https:\/\/profeel.bzh\/wordpress\/wp-json\/wp\/v2\/posts"}],"about":[{"href":"https:\/\/profeel.bzh\/wordpress\/wp-json\/wp\/v2\/types\/post"}],"author":[{"embeddable":true,"href":"https:\/\/profeel.bzh\/wordpress\/wp-json\/wp\/v2\/users\/1"}],"replies":[{"embeddable":true,"href":"https:\/\/profeel.bzh\/wordpress\/wp-json\/wp\/v2\/comments?post=3695"}],"version-history":[{"count":0,"href":"https:\/\/profeel.bzh\/wordpress\/wp-json\/wp\/v2\/posts\/3695\/revisions"}],"wp:attachment":[{"href":"https:\/\/profeel.bzh\/wordpress\/wp-json\/wp\/v2\/media?parent=3695"}],"wp:term":[{"taxonomy":"category","embeddable":true,"href":"https:\/\/profeel.bzh\/wordpress\/wp-json\/wp\/v2\/categories?post=3695"},{"taxonomy":"post_tag","embeddable":true,"href":"https:\/\/profeel.bzh\/wordpress\/wp-json\/wp\/v2\/tags?post=3695"}],"curies":[{"name":"wp","href":"https:\/\/api.w.org\/{rel}","templated":true}]}}