{"id":3677,"date":"2022-11-29T10:52:20","date_gmt":"2022-11-29T10:52:20","guid":{"rendered":"https:\/\/profeel.bzh\/wordpress\/?p=3677"},"modified":"2022-11-29T10:52:20","modified_gmt":"2022-11-29T10:52:20","slug":"la-rencontre-etienne-daho","status":"publish","type":"post","link":"https:\/\/profeel.bzh\/wordpress\/la-rencontre-etienne-daho\/","title":{"rendered":"La rencontre etienne daho"},"content":{"rendered":"<p>Boulevard des Capucines: \u00e0 lOlympia, la rencontre rat\u00e9e avec le p\u00e8re. Etienne Daho, le dada de France Inter. Publi\u00e9 le 27072018 EXCLU RTL-RTL a rencontr\u00e9 le chanteur \u00e0 laube dun automne de c\u00e9l\u00e9brations. Loccasion dun long entretien avec le parrain de la pop Dec 4, 2017 Rencontre avec le chanteur qui r\u00e9v\u00e8le, dans une exposition, son go\u00fbt m\u00e9connu pour la photo Dec 1, 2017 La rencontre avec Les Valentins, Edith Fambuena et JeanLouis Pierrot sera d\u00e9terminante pour chacun. Faire un album cest aussi concevoir sa \u00c9tienne Daho est un auteur-compositeur-interpr\u00e8te et producteur fran\u00e7ais n\u00e9 le 14 janvier. Le concert lui permet de rencontrer Elli Medeiros et Jacno, et une solide Pour rendre hommage \u00e0 lartiste, lauteure est all\u00e9e \u00e0 la rencontre des fans dEtienne Daho qui t\u00e9moignent de leur admiration pour lauteur, compositeur et <img decoding=\"async\" src=\"https:\/\/img.nrj.fr\/dQSYHQWBTbbP5gWib9R0ZwQ_LjM=\/800x450\/smart\/medias%2F2018%2F09%2Fpicto-daho-textes_5ba279278c5dd.jpg\" alt=\"la rencontre etienne daho\" align=\"left\"> Nov 28, 2015 RENCONTRE-Le dessinateur Alfred raconte \u00e0 RTL2. Fr comment est n\u00e9 le projet de dessiner \u00c9tienne Daho pendant trois ans L Homme qui marche Etienne Daho, paroles et musique. Compos\u00e9 en 1989 par Arthur Baker et qui scelle en 2015 la rencontre au sommet entre Etienne Daho Nov 23, 2019 Cest ce qua fait Etienne Daho, jeudi 21 novembre, aux lyc\u00e9ens de Saint-G\u00e9raud. Pour rencontrer Etienne Daho et assister \u00e0 son concert BO: Renaud L\u00e9tang, Philippe Katerine, Jeanne Cherhal, Etienne Daho, Dominique A, Sein, Bertrand Belin Sortie au cin\u00e9ma: 06-10-2021 Jeanne Moreau: Jai connu Jean Genet vers la fin des ann\u00e9es 50, \u00c9tienne Daho: Ma rencontre sest faite \u00e0 ladolescence, dabord par la musique Nov 6, 2015 Paris sens interdits scelle en 2015 la rencontre entre Etienne DAHO, le r\u00e9alisateur Johnny HOSTILE SAVAGES. Et Tony VISCONTI David Aug 27, 2021 Ce vendredi 27 ao\u00fbt, France 3 diffuse le documentaire Daho par Daho d\u00e8s 23h35. Loccasion de vous en dire un peu plus sur le chanteur Oct 21, 2019 \u00c9TIENNE DAHO vient \u00e0 la rencontre de ses fans. Encore mieux quun week-end \u00e0 Rome La Fnac Saint-Lazare re\u00e7oit \u00c9tienne Daho pour une Apr 13, 2021 Cest \u00e0 ce moment pr\u00e9cis o\u00f9 \u00c9tienne Daho fit la rencontre de la jeune anglaise, un t\u00eate-\u00e0-t\u00eate sign\u00e9 dun coup de foudre amical pour les <img decoding=\"async\" src=\"https:\/\/img-3.journaldesfemmes.fr\/HJwiBP7raIlOs4hpdZmDJRnjgag=\/1500x\/smart\/76a95463280743779cb669c9487d5f06\/ccmcms-jdf\/29529629.jpg\" alt=\"la rencontre etienne daho\" align=\"left\"> 3 days ago. Comme Andrea Laszlo de Simone: apr\u00e8s Etienne Daho en 2019, le Turinois jouera au th\u00e9\u00e2tre National de Bretagne pour deux soirs 17 hours ago. Niagara, Fran\u00e7oise Hardy, \u00c9tienne Daho, Alain Chamfort, Les espaces interstellaires, depuis ses origines, \u00e0 notre rencontre Nov 11, 2017 Pop Satori, Eden et Blitz sont sous-tendus des m\u00eames choses. Ils sont n\u00e9s dun coup de foudre pour un disque et de la rencontre avec un Oh. Pardon tu dormais. Birkin, Jane Musique audio. Un grand disque intime, personnel et rare n\u00e9 de la rencontre avec Etienne Daho et Jean-Louis Pi\u00e9rot Apr 2, 2021 Le chanteur aux allures de dandy juv\u00e9nile vient de faire une donation exceptionnelle au Palais Galliera: 34 tenues de sc\u00e8ne et de ville qui T\u00e9l\u00e9phone, Trust, Lili Drop, Extraballe, Little Bob, Etienne Daho et. Pourquoi Franck Sinatra ma tu\u00e9, alors que je ne lai jamais rencontr\u00e9 Venez rencontrer Etienne Daho \u00e0 la Fnac Saint Lazare le samedi 26 octobre 2019 \u00e0 loccasion de la sortie de l\u00e9dition coffret deluxe de son album Eden <img decoding=\"async\" src=\"https:\/\/cache.marieclaire.fr\/data\/photo\/w1200_h630_c1\/3v\/etienne-daho.jpg\" alt=\"la rencontre etienne daho\" align=\"right\"> La Fnac vous propose 144 r\u00e9f\u00e9rences Vari\u00e9t\u00e9 fran\u00e7aise: Etienne Daho avec la. La rencontre d\u00e9cisive avec la grande Jeanne Moreau lui donne des ailes.<\/p>\n","protected":false},"excerpt":{"rendered":"<p>Boulevard des Capucines: \u00e0 lOlympia, la rencontre rat\u00e9e avec le p\u00e8re. Etienne Daho, le dada de France Inter. Publi\u00e9 le 27072018 EXCLU RTL-RTL a rencontr\u00e9 le chanteur \u00e0 laube dun automne de c\u00e9l\u00e9brations. Loccasion dun long entretien avec le parrain de la pop Dec 4, 2017 Rencontre avec le chanteur qui r\u00e9v\u00e8le, dans une exposition, [&hellip;]<\/p>\n","protected":false},"author":1,"featured_media":0,"comment_status":"closed","ping_status":"closed","sticky":false,"template":"","format":"standard","meta":{"footnotes":""},"categories":[],"tags":[],"class_list":["post-3677","post","type-post","status-publish","format-standard","hentry"],"_links":{"self":[{"href":"https:\/\/profeel.bzh\/wordpress\/wp-json\/wp\/v2\/posts\/3677","targetHints":{"allow":["GET"]}}],"collection":[{"href":"https:\/\/profeel.bzh\/wordpress\/wp-json\/wp\/v2\/posts"}],"about":[{"href":"https:\/\/profeel.bzh\/wordpress\/wp-json\/wp\/v2\/types\/post"}],"author":[{"embeddable":true,"href":"https:\/\/profeel.bzh\/wordpress\/wp-json\/wp\/v2\/users\/1"}],"replies":[{"embeddable":true,"href":"https:\/\/profeel.bzh\/wordpress\/wp-json\/wp\/v2\/comments?post=3677"}],"version-history":[{"count":0,"href":"https:\/\/profeel.bzh\/wordpress\/wp-json\/wp\/v2\/posts\/3677\/revisions"}],"wp:attachment":[{"href":"https:\/\/profeel.bzh\/wordpress\/wp-json\/wp\/v2\/media?parent=3677"}],"wp:term":[{"taxonomy":"category","embeddable":true,"href":"https:\/\/profeel.bzh\/wordpress\/wp-json\/wp\/v2\/categories?post=3677"},{"taxonomy":"post_tag","embeddable":true,"href":"https:\/\/profeel.bzh\/wordpress\/wp-json\/wp\/v2\/tags?post=3677"}],"curies":[{"name":"wp","href":"https:\/\/api.w.org\/{rel}","templated":true}]}}