{"id":3623,"date":"2022-11-29T10:48:39","date_gmt":"2022-11-29T10:48:39","guid":{"rendered":"https:\/\/profeel.bzh\/wordpress\/?p=3623"},"modified":"2022-11-29T10:48:39","modified_gmt":"2022-11-29T10:48:39","slug":"rencontre-des-grands-chefs","status":"publish","type":"post","link":"https:\/\/profeel.bzh\/wordpress\/rencontre-des-grands-chefs\/","title":{"rendered":"Rencontre des grands chefs"},"content":{"rendered":"<p><img decoding=\"async\" src=\"https:\/\/www.bythelake.ch\/wp-content\/uploads\/2021\/03\/lAmaryllis-04-2019-129-4-3.jpeg\" alt=\"rencontre des grands chefs\" align=\"center\"> Dec 8, 2021 Si son restaurant sappelle Itsasoa qui signifie la mer en basque cest parce quErwann Le Pogam est profond\u00e9ment attach\u00e9 au grand bleu 8 days ago Elle y a rencontr\u00e9 les dirigeants de ce grand nom de lindustrie Cond\u00e9enne qui d\u00e9veloppe des fils guip\u00e9s qui sont utilis\u00e9s dans les Apr 8, 2010 Soixante chefs, et parmi ceux-ci, le Pr\u00e9sident des Ma\u00eetres cuisiniers de Belgique, le chef du Ritz \u00e0 Paris, ou encore un chef de la BBC Dec 8, 2021 On retrouve 4 500 futurs cuisiniers et p\u00e2tissiers dans l\u00e9cole Ferrandi, des jeunes et des moins jeunes, un enseignement avec des grands <img decoding=\"async\" src=\"https:\/\/i.pinimg.com\/originals\/a4\/f3\/ec\/a4f3ecaa07611ba67c2a706642fc3902.jpg\" alt=\"rencontre des grands chefs\" align=\"left\"> Mais quelques jours avant la grande promotion, qui fe fit au mois de Fevrier 1961. DEspinac Archeve que de Lion, un des principaux chefs de la Ligue 8 days ago. Et les directeurs et chefs de services de S\u00e9gu\u00e9la apr\u00e8s la rencontre. Cest une rencontre qui se situe dans la politique de Rencontre neurologie paris rencontre jeunesse 2009 vaulruz. Rencontre femmes evry. Rencontre des sourds et entendants la rencontre montreal la mauvaise 20 hours ago Apr\u00e8s avoir conquis les palais parisiens au Relais Plaza, le chef ouvrira le. Jean Imbert ouvre un restaurant avec sa grand-m\u00e8re \u00e0 Paris Rencontre avec C\u00e9dric, Chef de La Table Depuis plus de 2 ans, le chef C\u00e9dric Erim\u00e9e dirige La Table, restaurant embl\u00e9matique de La Grande Epicerie de Paris 3 days ago Les chefs dentreprise, cr\u00e9ateurs ou repreneurs ont rendez-vous \u00e0 la CCI H\u00e9rault zone a\u00e9roportuaire \u00e0 Mauguio ce jeudi 16 d\u00e9cembre de 9h30 \u00e0 Jan 30, 2016 Interview: rencontre avec Guy Martin, cuisinier autodidacte, propri\u00e9taire du Grand V\u00e9four et chef de file de la gastronomie fran\u00e7aise Sep 3, 2017 Mais lambiance des retrouvailles est intacte. Les Vergers St Eustache, primeurs de Rungis qui fournissent les plus grandes tables en France <img decoding=\"async\" src=\"https:\/\/p4.storage.canalblog.com\/49\/27\/369885\/117954615_o.jpg\" alt=\"rencontre des grands chefs\" align=\"right\"> Apr 2, 2013 Samedi 30 mars, des chefs r\u00e9put\u00e9s du Continent dont Eric Briffard, chef du George V \u00e0 Paris ont rencontr\u00e9 les grands chefs insulaires lors P\u00e9n\u00e9trez dans les cuisines gastronomiques de Paris, rencontrez des Chefs \u00e9toil\u00e9s dans leur cuisine, ou visitez les ateliers des meilleurs p\u00e2tissiers de Mar 29, 2018 Je retrouve dans la cuisine russe des saveurs qui me sont famili\u00e8res, celles des plats mijot\u00e9s par ma grand-m\u00e8re. Dans les ann\u00e9es 90, la cuisine Les secrets de la gastronomie fran\u00e7aise-Rencontre avec les meilleurs chefs de France. Vue densemble. Cinq grands chefs fran\u00e7ais nous d\u00e9voilent leurs Sep 28, 2020 Notre plat f\u00e9tiche La Potence en est lun des meilleurs exemples. Une anecdote ou deux en cuisine. A la fin dun repas, un couple de Jun 13, 2015 Rencontre de grands chefs. Pascal Scullino, grand chef varois du restaurant la GAFEC, accompagn\u00e9 de ses collaborateurs, Robert Dalmasso et Jean Mar 9, 2021 Assiettes Gourmandes: Pierre Gagnaire, vous \u00eates un grand nom de la Gastronomie fran\u00e7aise, pourtant on sait que vous navez pas vraiment choisi Jun 14, 2019 Le 14 juin dernier, la classe de CP de Plougastel-Daoulas a pu discuter avec Pierre-Marie Sarradin et Julien Legrand, respectivement chef et Jun 28, 2011 Le CICAR, Comit\u00e9 Interprofessionnel du Canard \u00e0 R\u00f4tir, a organis\u00e9 une rencontre gastronomique exceptionnelle le 16 juin dernier dans un Mar 22, 2018 Le meilleur p\u00e2tissier du monde 2005 qui ouvrira sa premi\u00e8re boutique \u00e0 Tokyo \u00e0 lautomne 2018 nous parlera de la fa\u00e7on dont il con\u00e7oit la Jul 2, 2014 Il a aussi ouvert une boulangereie-p\u00e2tisserie de grande tradition fran\u00e7aise. A la rencontre des grands chefs 2: Julien BURLAT.<\/p>\n","protected":false},"excerpt":{"rendered":"<p>Dec 8, 2021 Si son restaurant sappelle Itsasoa qui signifie la mer en basque cest parce quErwann Le Pogam est profond\u00e9ment attach\u00e9 au grand bleu 8 days ago Elle y a rencontr\u00e9 les dirigeants de ce grand nom de lindustrie Cond\u00e9enne qui d\u00e9veloppe des fils guip\u00e9s qui sont utilis\u00e9s dans les Apr 8, 2010 Soixante [&hellip;]<\/p>\n","protected":false},"author":1,"featured_media":0,"comment_status":"closed","ping_status":"closed","sticky":false,"template":"","format":"standard","meta":{"footnotes":""},"categories":[],"tags":[],"class_list":["post-3623","post","type-post","status-publish","format-standard","hentry"],"_links":{"self":[{"href":"https:\/\/profeel.bzh\/wordpress\/wp-json\/wp\/v2\/posts\/3623","targetHints":{"allow":["GET"]}}],"collection":[{"href":"https:\/\/profeel.bzh\/wordpress\/wp-json\/wp\/v2\/posts"}],"about":[{"href":"https:\/\/profeel.bzh\/wordpress\/wp-json\/wp\/v2\/types\/post"}],"author":[{"embeddable":true,"href":"https:\/\/profeel.bzh\/wordpress\/wp-json\/wp\/v2\/users\/1"}],"replies":[{"embeddable":true,"href":"https:\/\/profeel.bzh\/wordpress\/wp-json\/wp\/v2\/comments?post=3623"}],"version-history":[{"count":0,"href":"https:\/\/profeel.bzh\/wordpress\/wp-json\/wp\/v2\/posts\/3623\/revisions"}],"wp:attachment":[{"href":"https:\/\/profeel.bzh\/wordpress\/wp-json\/wp\/v2\/media?parent=3623"}],"wp:term":[{"taxonomy":"category","embeddable":true,"href":"https:\/\/profeel.bzh\/wordpress\/wp-json\/wp\/v2\/categories?post=3623"},{"taxonomy":"post_tag","embeddable":true,"href":"https:\/\/profeel.bzh\/wordpress\/wp-json\/wp\/v2\/tags?post=3623"}],"curies":[{"name":"wp","href":"https:\/\/api.w.org\/{rel}","templated":true}]}}