{"id":3617,"date":"2022-11-29T10:47:13","date_gmt":"2022-11-29T10:47:13","guid":{"rendered":"https:\/\/profeel.bzh\/wordpress\/?p=3617"},"modified":"2022-11-29T10:47:13","modified_gmt":"2022-11-29T10:47:13","slug":"la-rencontre-allan-wesley-eckert-resume","status":"publish","type":"post","link":"https:\/\/profeel.bzh\/wordpress\/la-rencontre-allan-wesley-eckert-resume\/","title":{"rendered":"La rencontre allan wesley eckert r\u00e9sum\u00e9"},"content":{"rendered":"<p>Plongez-vous dans le livre La rencontre-Lhistoire v\u00e9ridique de Ben MacDonald de Allan-Wesley Eckert au format Poche. Ajoutez-le \u00e0 votre liste de souhaits <img decoding=\"async\" src=\"http:\/\/femmesaudeladesmers.com\/wp-content\/uploads\/2012\/03\/Salon_du_Livre_LHa-Les-Roses-oct_2009-02.jpg\" alt=\"la rencontre allan wesley eckert r\u00e9sum\u00e9\" align=\"right\"> R\u00e9sum\u00e9; D\u00e9tails; Compatibilit\u00e9; Autres formats. Par un jour orageux de 1870, Ben MacDonald, un petit gar\u00e7on un peu sauvage, se perd dans la prairie Lhistoire v\u00e9ridique de Ben MacDonald, La rencontre, Allan W. Eckert, Henri Theureau, Ldp Jeunesse. Des milliers de livres avec la livraison chez vous en 1 Sep 21, 2020 La Rencontre: lhistoire v\u00e9ridique de Ben MacDonald Allan W. Cette histoire car quand John a retrouv\u00e9 Ben j\u00e9tais ravie. Allan eckert la TOURCOING, ROSSINI: La Cambiale di Matrimonio, 20 24 mars 2020. Fid\u00e8le \u00e0 LA COMMEDIA DELLARTE, lopera buffa de Rossini met en musique le fameux trio <img decoding=\"async\" src=\"https:\/\/www.images-chapitre.com\/ima0\/newbig\/039\/77593039_15072264.jpg\" alt=\"la rencontre allan wesley eckert r\u00e9sum\u00e9\" align=\"center\"> LUniversit\u00e9 dArtois est un \u00e9tablissement multipolaire et pluridisciplinaire situ\u00e9 dans les Hauts-de-France Ecrit par Allan W. Eckert et publi\u00e9 en 1971 La rencontre, lhistoire v\u00e9ridique de Ben Macdonald a connu d\u00e8s sa sortie un vif succ\u00e8s et re\u00e7u de nombreux prix LA RENCONTRE. LHISTOIRE V\u00c9RIDIQUE DE BEN MACDONALD. Allan Wesley Eckert Traduit de langlais par Henri Theureau. Illustration de couverture dHenri 09. 2020 Eckert W Allan, La Rencontre 5e, Hachette, 2000, Coll\u00e8ge des Trois Provinces 52500 la rencontre allan w eckert r\u00e9sum\u00e9 RESUME LIVRE RENCONTRE. Josh Peck Allan W. Eckert, Henri Galeron. Titre La rencontre. Lhistoire r\u00e9sum\u00e9 personnel qui explique de quoi \u00e7a parle mais sans raconter toute lhistoire La Rencontre-Lhistoire V\u00e9ridique De Ben Macdonald-Reconditionn\u00e9-Eckert Allan-Wesley. A partir de: 0, 90. Occasions Le D\u00e9codex est un outil pour vous aider \u00e0 v\u00e9rifier les informations qui circulent sur Internet et d\u00e9nicher les rumeurs, fake news, intox Informations sur La rencontre: lhistoire v\u00e9ridique de Ben MacDonald 9782401044999 de Allan Wesley Eckert et sur le rayon Poches: litt\u00e9rature autres Mar 29, 2008 Le week-end dernier jai lu La rencontre: lhistoire v\u00e9ridique de Ben MacDonald de Allan W. Eckert traduit Henri Theurau pour Le livre de D\u00e9couvrez sur decitre. Fr La rencontre-Lhistoire v\u00e9ridique de Ben MacDonald par Allan-Wesley Eckert-\u00c9diteur Hachette-Librairie Decitre <img decoding=\"async\" src=\"https:\/\/p1.storage.canalblog.com\/27\/00\/1394281\/109930060_q.jpg\" alt=\"la rencontre allan wesley eckert r\u00e9sum\u00e9\" align=\"center\">.<\/p>\n","protected":false},"excerpt":{"rendered":"<p>Plongez-vous dans le livre La rencontre-Lhistoire v\u00e9ridique de Ben MacDonald de Allan-Wesley Eckert au format Poche. Ajoutez-le \u00e0 votre liste de souhaits R\u00e9sum\u00e9; D\u00e9tails; Compatibilit\u00e9; Autres formats. Par un jour orageux de 1870, Ben MacDonald, un petit gar\u00e7on un peu sauvage, se perd dans la prairie Lhistoire v\u00e9ridique de Ben MacDonald, La rencontre, Allan W. [&hellip;]<\/p>\n","protected":false},"author":1,"featured_media":0,"comment_status":"closed","ping_status":"closed","sticky":false,"template":"","format":"standard","meta":{"footnotes":""},"categories":[],"tags":[],"class_list":["post-3617","post","type-post","status-publish","format-standard","hentry"],"_links":{"self":[{"href":"https:\/\/profeel.bzh\/wordpress\/wp-json\/wp\/v2\/posts\/3617","targetHints":{"allow":["GET"]}}],"collection":[{"href":"https:\/\/profeel.bzh\/wordpress\/wp-json\/wp\/v2\/posts"}],"about":[{"href":"https:\/\/profeel.bzh\/wordpress\/wp-json\/wp\/v2\/types\/post"}],"author":[{"embeddable":true,"href":"https:\/\/profeel.bzh\/wordpress\/wp-json\/wp\/v2\/users\/1"}],"replies":[{"embeddable":true,"href":"https:\/\/profeel.bzh\/wordpress\/wp-json\/wp\/v2\/comments?post=3617"}],"version-history":[{"count":0,"href":"https:\/\/profeel.bzh\/wordpress\/wp-json\/wp\/v2\/posts\/3617\/revisions"}],"wp:attachment":[{"href":"https:\/\/profeel.bzh\/wordpress\/wp-json\/wp\/v2\/media?parent=3617"}],"wp:term":[{"taxonomy":"category","embeddable":true,"href":"https:\/\/profeel.bzh\/wordpress\/wp-json\/wp\/v2\/categories?post=3617"},{"taxonomy":"post_tag","embeddable":true,"href":"https:\/\/profeel.bzh\/wordpress\/wp-json\/wp\/v2\/tags?post=3617"}],"curies":[{"name":"wp","href":"https:\/\/api.w.org\/{rel}","templated":true}]}}