{"id":3588,"date":"2022-11-29T10:44:43","date_gmt":"2022-11-29T10:44:43","guid":{"rendered":"https:\/\/profeel.bzh\/wordpress\/?p=3588"},"modified":"2022-11-29T10:44:43","modified_gmt":"2022-11-29T10:44:43","slug":"poeme-rencontre","status":"publish","type":"post","link":"https:\/\/profeel.bzh\/wordpress\/poeme-rencontre\/","title":{"rendered":"Po\u00e8me rencontre"},"content":{"rendered":"<p>0: Les 145 po\u00e8mes sur le th\u00e8me Rencontre publi\u00e9s ou \u00e9dit\u00e9s de votre site de po\u00e9sie Poeme-France r\u00e9partient gr\u00e2ce \u00e0 3 pages Po\u00e8me damour La rencontre. Cest le grand jour, Je vais enfin te rencontrer, Jai tellement attendu ce jour, Je suis impatiente et Feb 6, 2021 N\u00e9e en 1954 \u00e0 Maghnia Tlemcen en Alg\u00e9rie, Zineb Laouedj marque lhistoire de son pays et du monde arabe. Elle est titulaire dun doctorat 1 Comme je taime Po\u00e8me de Terry Notre rencontre a \u00e9t\u00e9 un hasard. Mais je tai reconnu aussit\u00f4t. Tu \u00e9tais beau et tu les encore, La vie ma fait un vrai 4 days ago Lynda Lemay, ce mardi soir au Palais dAuron, \u00e0 Bourges: Tout peut \u00eatre dit en po\u00e9sie. Article r\u00e9serv\u00e9 aux abonn\u00e9s. Publi\u00e9 le 14122021 \u00e0 <img decoding=\"async\" src=\"https:\/\/m.media-amazon.com\/images\/I\/81fYVecov0L._SS500_.jpg\" alt=\"po\u00e8me rencontre\" align=\"center\"> Oct 1, 2009. R\u00e9cit de deux luttes et de leur rencontre un mois de juin 2009. De Giuseppe Rubano; un po\u00e8me de Ballore traduit par Vincent Po\u00e8me-Rencontre est un po\u00e8me de Antoine de Latour extrait du recueil Loin du foyer 1835 Nov 20, 2021 Souvent, on le dit et souvent, on loublie: tout est po\u00e9sie. Pour lentendre et sentendre en elle, la po\u00e9sie demande un d\u00e9nudement La inuse chr\u00e9tienne osa quelquefois essayer le ton le plus sublime, et s\u00e9lever jusquau po\u00e8me \u00e9pique. Il sen rencontre trois \u00e0 des \u00e9poques peu \u00e9loign\u00e9es May 5, 2014 Trouvez le po\u00e8me damiti\u00e9 que vous plaire pour partager avec ton amie pour luielle exprimer tes beaux sentiments de jour votre rencontre Sa rencontre avec Marie Laurencin ouvre une p\u00e9riode de renouveau cr\u00e9ateur dont t\u00e9moignent des po\u00e8mes comme Le Brasier et Les Fian\u00e7ailles <img decoding=\"async\" src=\"https:\/\/i.pinimg.com\/736x\/df\/12\/7e\/df127ecf7afd03bf920fa04cfe19fb28.jpg\" alt=\"po\u00e8me rencontre\" align=\"center\"> Rencontre avec Lucian Freud: po\u00e8me en un acte. Auteurs Matthieu Gosztola Auteur. Editeurs Editions des Vanneaux. Date de parution: 15052013 1 hour ago Une fois activ\u00e9s par le po\u00e8me les deux groupes dont la rencontre fait th\u00e9\u00e2tre celui des spectateurs et des interpr\u00e8tes, elle ram\u00e8ne Po\u00e9sie Trois escargots Maurice Car\u00eame: Jai rencontr\u00e9 trois escargots qui sen allaient cartable au dos. Et dans le pr\u00e9 trois lima\u00e7ons Dans le royaume des coiffeurs, les heureux ne perdent pas tout leur temps \u00e0 \u00eatre mari\u00e9s. Au-del\u00e0 de la coquetterie des gu\u00e9ridons, les pattes des canards Texte et commentaire du po\u00e8me A une passante, de Charles Baudelaire. Le sonnet est construit sur un th\u00e8me romanesque, celui de la rencontre Philippe Gardy, po\u00e8te et sp\u00e9cialiste de la litt\u00e9rature occitane nous parle de son parcours po\u00e9tique, de son premier po\u00e8me dans la revue \u00d3c jusqu\u00e0 La Aug 25, 2016 J\u00e9cris contes, po\u00e8mes, nouvelles, pi\u00e8ces de th\u00e9\u00e2tre, romans, je peins, je dessine, je photographie, je sculpte \u00e9galement. Jai aussi un blog Mar 9, 2016 Cette rencontre retracera le r\u00f4le de la po\u00e9sie et de lart pendant la Seconde Guerre mondiale. A partir du parcours de Paul Eluard, de son <img decoding=\"async\" src=\"http:\/\/img.over-blog-kiwi.com\/0\/67\/56\/88\/20150917\/ob_0bdd78_extrait-p-17-o-mon-corps-m-lethu.jpg\" alt=\"po\u00e8me rencontre\" align=\"left\"> Po\u00e8me Rencontre Amicale. By admin; October 20, 2020 October 8, 2020. Chronique Terre des Hommes Doubs sur RCF Besan\u00e7on, d\u00e9cembre 2018 Qui a r\u00e9ussi \u00e0 faire COVID_19 Emmanuel Macron a annul\u00e9 le d\u00e9placement quil devait effectuer au Mali pour rencontrer le pr\u00e9sident de la transition et c\u00e9l\u00e9brer No\u00ebl avec les By R Bourkhis 2013 Il sagit de la rencontre entre le po\u00e8te-narrateur et une myst\u00e9rieuse. Po\u00e8me de Baudelaire pour constater que l\u00e9lection du site urbain Apr 30, 2017 La rencontre est un po\u00e8me qui parle de mon fils autiste lorsquil avait trois ans, juste avant que le diagnostic ne tombe.<\/p>\n","protected":false},"excerpt":{"rendered":"<p>0: Les 145 po\u00e8mes sur le th\u00e8me Rencontre publi\u00e9s ou \u00e9dit\u00e9s de votre site de po\u00e9sie Poeme-France r\u00e9partient gr\u00e2ce \u00e0 3 pages Po\u00e8me damour La rencontre. Cest le grand jour, Je vais enfin te rencontrer, Jai tellement attendu ce jour, Je suis impatiente et Feb 6, 2021 N\u00e9e en 1954 \u00e0 Maghnia Tlemcen en Alg\u00e9rie, [&hellip;]<\/p>\n","protected":false},"author":1,"featured_media":0,"comment_status":"closed","ping_status":"closed","sticky":false,"template":"","format":"standard","meta":{"footnotes":""},"categories":[],"tags":[],"class_list":["post-3588","post","type-post","status-publish","format-standard","hentry"],"_links":{"self":[{"href":"https:\/\/profeel.bzh\/wordpress\/wp-json\/wp\/v2\/posts\/3588","targetHints":{"allow":["GET"]}}],"collection":[{"href":"https:\/\/profeel.bzh\/wordpress\/wp-json\/wp\/v2\/posts"}],"about":[{"href":"https:\/\/profeel.bzh\/wordpress\/wp-json\/wp\/v2\/types\/post"}],"author":[{"embeddable":true,"href":"https:\/\/profeel.bzh\/wordpress\/wp-json\/wp\/v2\/users\/1"}],"replies":[{"embeddable":true,"href":"https:\/\/profeel.bzh\/wordpress\/wp-json\/wp\/v2\/comments?post=3588"}],"version-history":[{"count":0,"href":"https:\/\/profeel.bzh\/wordpress\/wp-json\/wp\/v2\/posts\/3588\/revisions"}],"wp:attachment":[{"href":"https:\/\/profeel.bzh\/wordpress\/wp-json\/wp\/v2\/media?parent=3588"}],"wp:term":[{"taxonomy":"category","embeddable":true,"href":"https:\/\/profeel.bzh\/wordpress\/wp-json\/wp\/v2\/categories?post=3588"},{"taxonomy":"post_tag","embeddable":true,"href":"https:\/\/profeel.bzh\/wordpress\/wp-json\/wp\/v2\/tags?post=3588"}],"curies":[{"name":"wp","href":"https:\/\/api.w.org\/{rel}","templated":true}]}}