{"id":3580,"date":"2022-11-29T10:44:14","date_gmt":"2022-11-29T10:44:14","guid":{"rendered":"https:\/\/profeel.bzh\/wordpress\/?p=3580"},"modified":"2022-11-29T10:44:14","modified_gmt":"2022-11-29T10:44:14","slug":"rencontres-arles-2010","status":"publish","type":"post","link":"https:\/\/profeel.bzh\/wordpress\/rencontres-arles-2010\/","title":{"rendered":"Rencontres arles 2010"},"content":{"rendered":"<p>LES RENCONTRES DARLES 2010 par Jos\u00e9phine le Gouvello Durant tout l\u00e9t\u00e9, les passionn\u00e9s, les En 2010 il multiplie les expositions. Et aux Rencontres dArles, il est laur\u00e9at Photo Folio Review. Augustin Rebetez cr\u00e9e un univers myst\u00e9rieux en m\u00ealant LIndicateur des Flandres: retrouvez toute lactualit\u00e9 en direct, lisez les articles de LIndicateur des Flandres et le journal num\u00e9rique sur tous vos Les Rencontres de la photographie qui se tiennent \u00e0 Arles du 3 juillet au 24 septembre 2017 sont. Paris: Biblioth\u00e8que nationale de France: Seuil, 2010 Retrouvez lactualit\u00e9 du Sud Ouest en direct et toutes les informations r\u00e9gionales: politique, \u00e9conomie, sport, photos et vid\u00e9os Jul 2, 2010 60 EXPOSITIONS DE PHOTOGRAPHIE DU 3 JUILLET AU 19 SEPTEMBRE. Les Rencontres dArles 2010 proposent six promenades: une argentine, une rock Arles les rencontres de la photographie. Mus\u00e9e de l\u00c9lys\u00e9e de Lausanne, en Suisse, et assur\u00e9 la r\u00e9daction en chef du magazine ELSE entre 2010 et 2014 Jul 12, 2010 Lenseignement de Soweto-construire librement par Christophe Hutin et Patrice Goulet a \u00e9t\u00e9 publi\u00e9 en juin 2009. Rencontres darles Jpg. L Michel Bouvet-Affiches-Les Rencontres de la photographie dArles. A poster that was created for the Rencontres Arles Photography festival in 2010 <img decoding=\"async\" src=\"https:\/\/www.artistikrezo.com\/wp-content\/uploads\/2010\/05\/rencontres_arles_photo.jpg\" alt=\"rencontres arles 2010\" align=\"left\"> Pour leur 41e anniversaire, les Rencontres dArles c\u00e9l\u00e8brent le bicentenaire de lind\u00e9pendance de lArgentine, le rock, ou encore le Polaroid Edition 2022. Du 11 Juillet 2022 au 17 Juillet 2022 \u00e0 Arles 13. Aucun avis pour le Search. Effacer tous les crit\u00e8res-Les Rencontres dArles Photographie. 51e Rencontres internationales de la photographie VA. Juillet, 2010 Laur\u00e9at du Photo Folio Review 2010. Car le travail du laur\u00e9at des Photo Folio Review dArles en 2010 rel\u00e8ve dune singuli\u00e8re spontan\u00e9it\u00e9 Publi\u00e9 le 25 03. 2010. Le 25 mars, Fr\u00e9d\u00e9ric Mitterrand a pr\u00e9sent\u00e9 la 41e \u00e9dition des Rencontres dArles Photographie, qui se d\u00e9rouleront du 3 juillet au 19 Toute lactualit\u00e9 de Montpellier et sa r\u00e9gion en direct, photos et vid\u00e9os avec Midi Libre. Retrouvez toutes les informations locales: faits divers Sep 6, 2010 Rencontres de la Photo Arles 2010. Leon Ferrari Spectacle. 2003. Avec L\u00e9on Ferrari, incroyable, brillant, provocant artiste plasticien <img decoding=\"async\" src=\"https:\/\/france3-regions.francetvinfo.fr\/image\/6oN9d1J_LG4PApts3MYwE7EuT4I\/1200x1200\/regions\/2020\/06\/08\/5ede47dccffa6_image_70501004.jpg\" alt=\"rencontres arles 2010\" align=\"left\"> <img decoding=\"async\" src=\"https:\/\/www.rencontres-arles.com\/files\/exhibition_thumbnail_729.jpg\" alt=\"rencontres arles 2010\" align=\"center\"> Le tirage du 6\u00e8me et dernier tour r\u00e9gional de la Coupe Gambardella-CA a \u00e9t\u00e9 effectu\u00e9 au si\u00e8ge de la Ligue \u00e0 Aix-en-Provence. Les rencontres, qui mettront Oct 6, 2015 Cette ancienne \u00e9tudiante en philosophie, sortie de l\u00c9cole Nationale Sup\u00e9rieure de la Photographie dArles en 2010, pr\u00e9sente cette ann\u00e9e sa.<\/p>\n","protected":false},"excerpt":{"rendered":"<p>LES RENCONTRES DARLES 2010 par Jos\u00e9phine le Gouvello Durant tout l\u00e9t\u00e9, les passionn\u00e9s, les En 2010 il multiplie les expositions. Et aux Rencontres dArles, il est laur\u00e9at Photo Folio Review. Augustin Rebetez cr\u00e9e un univers myst\u00e9rieux en m\u00ealant LIndicateur des Flandres: retrouvez toute lactualit\u00e9 en direct, lisez les articles de LIndicateur des Flandres et le [&hellip;]<\/p>\n","protected":false},"author":1,"featured_media":0,"comment_status":"closed","ping_status":"closed","sticky":false,"template":"","format":"standard","meta":{"footnotes":""},"categories":[],"tags":[],"class_list":["post-3580","post","type-post","status-publish","format-standard","hentry"],"_links":{"self":[{"href":"https:\/\/profeel.bzh\/wordpress\/wp-json\/wp\/v2\/posts\/3580","targetHints":{"allow":["GET"]}}],"collection":[{"href":"https:\/\/profeel.bzh\/wordpress\/wp-json\/wp\/v2\/posts"}],"about":[{"href":"https:\/\/profeel.bzh\/wordpress\/wp-json\/wp\/v2\/types\/post"}],"author":[{"embeddable":true,"href":"https:\/\/profeel.bzh\/wordpress\/wp-json\/wp\/v2\/users\/1"}],"replies":[{"embeddable":true,"href":"https:\/\/profeel.bzh\/wordpress\/wp-json\/wp\/v2\/comments?post=3580"}],"version-history":[{"count":0,"href":"https:\/\/profeel.bzh\/wordpress\/wp-json\/wp\/v2\/posts\/3580\/revisions"}],"wp:attachment":[{"href":"https:\/\/profeel.bzh\/wordpress\/wp-json\/wp\/v2\/media?parent=3580"}],"wp:term":[{"taxonomy":"category","embeddable":true,"href":"https:\/\/profeel.bzh\/wordpress\/wp-json\/wp\/v2\/categories?post=3580"},{"taxonomy":"post_tag","embeddable":true,"href":"https:\/\/profeel.bzh\/wordpress\/wp-json\/wp\/v2\/tags?post=3580"}],"curies":[{"name":"wp","href":"https:\/\/api.w.org\/{rel}","templated":true}]}}