{"id":3503,"date":"2022-11-29T10:37:52","date_gmt":"2022-11-29T10:37:52","guid":{"rendered":"https:\/\/profeel.bzh\/wordpress\/?p=3503"},"modified":"2022-11-29T10:37:52","modified_gmt":"2022-11-29T10:37:52","slug":"rencontre-harpe-dinan","status":"publish","type":"post","link":"https:\/\/profeel.bzh\/wordpress\/rencontre-harpe-dinan\/","title":{"rendered":"Rencontre harpe dinan"},"content":{"rendered":"<p>A Dinan 22 mardi 18 janvier 2022 \u00e0 20h30 au Th\u00e9\u00e2tre des Jacobins La voix. Maria Osuchowska harpe, Paris Charles guitare, Hamish Nockles-Moore Jul 14, 2021 Les 37es Rencontres internationales de harpe celtique ont d\u00e9but\u00e9 mardi 13 juillet \u00e0 Dinan. Plusieurs concerts sont au programme cette Oct 7, 2020 Une initiative \u00e0 soutenir, avant un v\u00e9ritable retour \u00e0 la normale rencontres harpe celtique dinan Action culturelle \u00e9cole La Feuillaison Jul 15, 2021 Les rencontres internationales de harpes celtiques animent Dinan C\u00f4tes-dArmor jusquau dimanche 18 juillet 2021 <img decoding=\"async\" src=\"https:\/\/www.dinan-capfrehel.com\/wp-content\/uploads\/wpetourisme\/MaisonHarpe-Dinan-2018-MaisonHarpe-3.jpg\" alt=\"rencontre harpe dinan\" align=\"center\"> <img decoding=\"async\" src=\"https:\/\/www.harpe-celtique.fr\/maisondelaharpe\/wp-content\/uploads\/\/2021\/07\/DSC_0030-7-680x1024.jpg\" alt=\"rencontre harpe dinan\" align=\"center\"> Jul 11, 2021 Loccasion de revenir sur la carri\u00e8re de ce Dinannais qui a su porter la harpe celtique au plus haut niveau. Rencontre Rencontres internationales de harpe celtique \u00e0 Dinan. Le festival fait vibrer aux sons de la harpe celtique, quelle soit traditionnelle, m\u00e9di\u00e9vale 13 juil. 2021-Dinan 22100-F\u00eate et manifestation \u00c9v\u00e8nement culturel-Une semaine pour d\u00e9couvrir la harpe sous tous ses angles, concerts en salles et Jun 10, 2019 Dinan-10 au 14 juillet 2019 Au programme: concerts, stages, ateliers danse bretonne, spectacle jeune public, animations enfant Jun 5, 2019 La billetterie pour les 36es Rencontres internationales de harpes celtiques de Dinan 10-14 juillet est ouverte. Toute la programmation sur Rencontre femmes black fougerolles Cherche femmes lyon Site rencontres vigneux-sur-seine Rencontrer femmes \u00e0 friville-escarbotin Annonce rencontre gratuite La 34e \u00e9dition des Rencontres Internationales de Harpes Celtiques se tiendra du 12 au 16 juillet 2017 \u00e0 Dinan 22. Un \u00e9v\u00e9nement pour tous les curieux de Apr 26, 2009 Les 26e Rencontres internationale de Harpe Celtique auront lieu \u00e0 Dinan du mercredi 8 au dimanche 12 juillet prochains et elles Rencontres internationales de harpe celtique \u00e0 Dinan. Le festival fait Jul 9, 2015 Les 32es rencontres internationales de harpe celtique viennent de souvrir \u00e0 Dinan. Pendant cinq jours, la cit\u00e9 m\u00e9di\u00e9vale vit au rythme des Rencontres Internationales de Harpe celtique \u00e0 Dinan <img decoding=\"async\" src=\"https:\/\/www.letelegramme.fr\/images\/2010\/04\/21\/880065_7257021-photoharp-b129a.jpg\" alt=\"rencontre harpe dinan\" align=\"left\"> La rencontre entre les \u00e9lus et les membres du Collectif a tourn\u00e9 court. Les \u00e9lus refusant de se prononcer hors la pr\u00e9sence de lEtat sur le pr\u00e9alable pos\u00e9 Dinan-L\u00e9hon. 37e \u00e9dition. Une semaine pour d\u00e9couvrir la harpe sous toutes ses facettes, de la musique celtique aux musiques du monde en passant par le flamenco.<\/p>\n","protected":false},"excerpt":{"rendered":"<p>A Dinan 22 mardi 18 janvier 2022 \u00e0 20h30 au Th\u00e9\u00e2tre des Jacobins La voix. Maria Osuchowska harpe, Paris Charles guitare, Hamish Nockles-Moore Jul 14, 2021 Les 37es Rencontres internationales de harpe celtique ont d\u00e9but\u00e9 mardi 13 juillet \u00e0 Dinan. Plusieurs concerts sont au programme cette Oct 7, 2020 Une initiative \u00e0 soutenir, avant un [&hellip;]<\/p>\n","protected":false},"author":1,"featured_media":0,"comment_status":"closed","ping_status":"closed","sticky":false,"template":"","format":"standard","meta":{"footnotes":""},"categories":[],"tags":[],"class_list":["post-3503","post","type-post","status-publish","format-standard","hentry"],"_links":{"self":[{"href":"https:\/\/profeel.bzh\/wordpress\/wp-json\/wp\/v2\/posts\/3503","targetHints":{"allow":["GET"]}}],"collection":[{"href":"https:\/\/profeel.bzh\/wordpress\/wp-json\/wp\/v2\/posts"}],"about":[{"href":"https:\/\/profeel.bzh\/wordpress\/wp-json\/wp\/v2\/types\/post"}],"author":[{"embeddable":true,"href":"https:\/\/profeel.bzh\/wordpress\/wp-json\/wp\/v2\/users\/1"}],"replies":[{"embeddable":true,"href":"https:\/\/profeel.bzh\/wordpress\/wp-json\/wp\/v2\/comments?post=3503"}],"version-history":[{"count":0,"href":"https:\/\/profeel.bzh\/wordpress\/wp-json\/wp\/v2\/posts\/3503\/revisions"}],"wp:attachment":[{"href":"https:\/\/profeel.bzh\/wordpress\/wp-json\/wp\/v2\/media?parent=3503"}],"wp:term":[{"taxonomy":"category","embeddable":true,"href":"https:\/\/profeel.bzh\/wordpress\/wp-json\/wp\/v2\/categories?post=3503"},{"taxonomy":"post_tag","embeddable":true,"href":"https:\/\/profeel.bzh\/wordpress\/wp-json\/wp\/v2\/tags?post=3503"}],"curies":[{"name":"wp","href":"https:\/\/api.w.org\/{rel}","templated":true}]}}