{"id":3461,"date":"2022-11-29T10:35:00","date_gmt":"2022-11-29T10:35:00","guid":{"rendered":"https:\/\/profeel.bzh\/wordpress\/?p=3461"},"modified":"2022-11-29T10:35:00","modified_gmt":"2022-11-29T10:35:00","slug":"rencontres-giono","status":"publish","type":"post","link":"https:\/\/profeel.bzh\/wordpress\/rencontres-giono\/","title":{"rendered":"Rencontres giono"},"content":{"rendered":"<p>Aug 6, 2021 Depuis 2006, les Rencontres Giono, organis\u00e9es par Les Amis de Jean Giono, constituent l\u00e9v\u00e9nement litt\u00e9raire de l\u00e9t\u00e9 culturel en <img decoding=\"async\" src=\"http:\/\/denis-lebioda.com\/media\/F0CC9P101QBB0RKLBG19ON\/rencontres-giono-2021-manosque.jpg\" alt=\"rencontres giono\" align=\"center\"> 10 balades litt\u00e9raires \u00e0 la rencontre de Jean Giono. Auteurs: Fran\u00e7ois-Xavier Emery. Jean-Louis Carribou. 22, 00. Tome 1 Manosque-des-plateaux <img decoding=\"async\" src=\"https:\/\/www.librairesdusud.com\/wp-content\/uploads\/2018\/07\/lettre-24-juin-2018-page-01_orig-e1530777554137.jpg\" alt=\"rencontres giono\" align=\"right\"> Apr\u00e8s 9 mois de fermeture d\u00fbs \u00e0 la situation sanitaire, lEspace Giono. D\u00e9couverte des rencontres, des inspirations, de limaginaire de Jean Giono 1895 Jean Giono est lincarnation de la figure de l\u00e9crivain au XXe si\u00e8cle. Chaque rencontre sint\u00e9ressera \u00e0 une th\u00e9matique particuli\u00e8re Surnomm\u00e9, \u00e0 juste titre, le voyageur immobile, Jean Giono a pass\u00e9 toute sa vie \u00e0. Depuis 2006, les Rencontres Giono, organis\u00e9es et programm\u00e9es par Dec 5, 2019 La partie critique du volume reprend les principales communications prononc\u00e9es \u00e0 loccasion des Rencontres Giono de 2018 \u00e0 Manosque Dans le cadre des Rencontres GIONO 2014, Jack Meurant, lauteur de Jean Giono et le pacifisme, participera \u00e0 une TABLE RONDE sur le sujet Giono pacifiste, le Informations sur 10 balades litt\u00e9raires \u00e0 la rencontre de Jean Giono 9782951659582 de Jean-Louis Carribou et sur le rayon Litt\u00e9rature, La Procure By G Berthomieu 2020. De l\u0153uvre de Giono en croisant les regards de sp\u00e9cialistes de. Collection: Rencontres, n 448; S\u00e9rie: Rh\u00e9torique, stylistique <img decoding=\"async\" src=\"http:\/\/www.azurnews.com\/img\/bloc_libre\/cinema27\/theme_amis_giono_visuel-affiche-2012.jpg\" alt=\"rencontres giono\" align=\"right\"> RENCONTRE avec les Parents. Lundi 13 septembre 2021 18h00-20h00. Horaire Coll\u00e8ge. R\u00e9union pour les parents des \u00e9l\u00e8ves de 6\u00e8me. Puce Plan du site puce Il aura lieu \u00e0 Manosque du 23 au 26 ao\u00fbt 2021 dans la maison de Jean Giono au Para\u00efs et dans dautres lieux patrimoniaux de la ville Les deux premiers jours Le CONTADOUR-Jean GIONO, Lucien JACQUES, leurs Amis, les Rencontres du Contadour-Les CAHIERS du Contadour-mise en ligne dun site: pr\u00e9sentation 27 mai 2021. Seizi\u00e8me rencontres de Die dEcologie au quotidien. 19 janvier 2018. LAureille, des vacances organis\u00e9es et adapt\u00e9es. 18 ao\u00fbt 2020 Depuis 2006, les Rencontres Giono, organis\u00e9es par Les Amis de Jean Giono, De l\u00e9t\u00e9 culturel en Haute-Provence, un v\u00e9ritable festival Giono Centre Jean Giono Centre Culturel. Expositions-balades sensibles-projections-rencontres autour du patrimoine minier et charbonnier de Lardiers et Le site des \u00c9ditions Gallimard: catalogue, agenda des auteurs, actualit\u00e9s de la maison d\u00e9dition, vid\u00e9os et documents, recherche de citations Jul 31, 2018 Les Rencontres Giono commencent ce soir \u00e0 Manosque. Giono \u00e0 voix haute dans les jardins du Para\u00efs, la maison de Jean Giono A la rencontre de Jean Giono. Culture 07 octobre 2019. Ce qui me d\u00e9go\u00fbte dans la guerre, cest son imb\u00e9cilit\u00e9. Jaime la vie. \u00c9crivait Jean Giono Aug 2, 2019 Replay du vendredi 2 ao\u00fbt 2019. Les XIV\u00e8 Rencontres Giono de Manosque avec Sylvie Durbet-Giono \u00c9couter. \u00c9couter. 09min.<\/p>\n","protected":false},"excerpt":{"rendered":"<p>Aug 6, 2021 Depuis 2006, les Rencontres Giono, organis\u00e9es par Les Amis de Jean Giono, constituent l\u00e9v\u00e9nement litt\u00e9raire de l\u00e9t\u00e9 culturel en 10 balades litt\u00e9raires \u00e0 la rencontre de Jean Giono. Auteurs: Fran\u00e7ois-Xavier Emery. Jean-Louis Carribou. 22, 00. Tome 1 Manosque-des-plateaux Apr\u00e8s 9 mois de fermeture d\u00fbs \u00e0 la situation sanitaire, lEspace Giono. D\u00e9couverte des [&hellip;]<\/p>\n","protected":false},"author":1,"featured_media":0,"comment_status":"closed","ping_status":"closed","sticky":false,"template":"","format":"standard","meta":{"footnotes":""},"categories":[],"tags":[],"class_list":["post-3461","post","type-post","status-publish","format-standard","hentry"],"_links":{"self":[{"href":"https:\/\/profeel.bzh\/wordpress\/wp-json\/wp\/v2\/posts\/3461","targetHints":{"allow":["GET"]}}],"collection":[{"href":"https:\/\/profeel.bzh\/wordpress\/wp-json\/wp\/v2\/posts"}],"about":[{"href":"https:\/\/profeel.bzh\/wordpress\/wp-json\/wp\/v2\/types\/post"}],"author":[{"embeddable":true,"href":"https:\/\/profeel.bzh\/wordpress\/wp-json\/wp\/v2\/users\/1"}],"replies":[{"embeddable":true,"href":"https:\/\/profeel.bzh\/wordpress\/wp-json\/wp\/v2\/comments?post=3461"}],"version-history":[{"count":0,"href":"https:\/\/profeel.bzh\/wordpress\/wp-json\/wp\/v2\/posts\/3461\/revisions"}],"wp:attachment":[{"href":"https:\/\/profeel.bzh\/wordpress\/wp-json\/wp\/v2\/media?parent=3461"}],"wp:term":[{"taxonomy":"category","embeddable":true,"href":"https:\/\/profeel.bzh\/wordpress\/wp-json\/wp\/v2\/categories?post=3461"},{"taxonomy":"post_tag","embeddable":true,"href":"https:\/\/profeel.bzh\/wordpress\/wp-json\/wp\/v2\/tags?post=3461"}],"curies":[{"name":"wp","href":"https:\/\/api.w.org\/{rel}","templated":true}]}}