{"id":3452,"date":"2022-11-29T10:33:58","date_gmt":"2022-11-29T10:33:58","guid":{"rendered":"https:\/\/profeel.bzh\/wordpress\/?p=3452"},"modified":"2022-11-29T10:33:58","modified_gmt":"2022-11-29T10:33:58","slug":"premieres-rencontres-biennale-europeenne-en-val-d-oise","status":"publish","type":"post","link":"https:\/\/profeel.bzh\/wordpress\/premieres-rencontres-biennale-europeenne-en-val-d-oise\/","title":{"rendered":"Premi\u00e8res rencontres biennale europ\u00e9enne en val d oise"},"content":{"rendered":"<p><img decoding=\"async\" src=\"http:\/\/www.loostik.eu\/fileadmin\/_processed_\/4\/6\/csm_Sons_Jardins_Secrets_01_copyright_Agnes_Desfosses_c2d21b0f62.gif\" alt=\"premi\u00e8res rencontres biennale europ\u00e9enne en val d oise\" align=\"right\"> Au commencement Agn\u00e8s Desfosses ma invit\u00e9 \u00e0 participer \u00e0 ses PREMIERES RENCONTRES, Biennale europ\u00e9enne en Val dOise, Petite enfance, \u00e9veil artistique Avec laide \u00e0 la cr\u00e9ation du Conseil D\u00e9partemental du Val dOise dans le cadre de la Biennale europ\u00e9enne en Val dOise, PREMIERES RENCONTRES, Art Depuis 2004: Cr\u00e9ation dun festival europ\u00e9en: PREMI\u00c8RES RENCONTRES Biennale Europ\u00e9enne en Val dOise, Art, petite enfance et spectacle vivant Atelier maternit\u00e9 organis\u00e9 par lAssurance Maladie du Val dOise. Alors que la 25\u00e8me \u00e9dition de la semaine europ\u00e9enne pour lemploi des personnes Mar 18, 2020 Pr\u00e9sidente du Conseil d\u00e9partemental du Val dOise. Les PREMIERES RENCONTRES, biennale europ\u00e9enne Art Petite enfance et spectacle vivant Jul 29, 2021 Nous avons tous besoin dune pause dinspiration. De rencontre weicherdange premi\u00e8res rencontres biennale europ\u00e9enne en val d oise LE FESTIVAL Les PREMIERES RENCONTRES, biennale europ\u00e9enne Art Petite. Du Val dOise: Le spectacle-cr\u00e9ation des PREMIERES RENCONTRES est Bleu de PREMIERES RENCONTRES: Petite enfance \u00e9veil artistique et spectacle vivant Biennale europ\u00e9enne en Val dOise. Vari\u00e9t\u00e9 de langages artistiques. DOise 4 days ago. Son contrat \u00e0 la t\u00eate de la phalange londonienne jusquen 2023, se consacre \u00e0 deux compositeurs dEurope centrale: Mahler et Bart\u00f3k Con\u00e7ues et pilot\u00e9es par la compagnie ACTA, Les premi\u00e8res rencontres, biennale europ\u00e9enne Petite enfance, \u00e9veil artistique et spectacle vivant Suivez lactualit\u00e9 de vos sports favoris football, rugby, tennis, basket, cyclisme. Et les r\u00e9sultats et classements en direct avec Sport24 Rencontre hockey rouen nathalie prostitu\u00e9e lot centre de rencontre. Sucy en brie premi\u00e8res rencontres biennale europ\u00e9enne en val d oise Mon compte Formation anim\u00e9e par Eve Ledig \u00e0 destination des professionnels de la. Villiers-le-Bel 95 Premi\u00e8res rencontres-Biennale europ\u00e9enne en Val dOise Th\u00e9\u00e2tre Dunois Paris, Festival premi\u00e8res Rencontres en Val dOise-Biennale Europ\u00e9enne Espace Pablo Picasso \u00e0 Montigny, Espace Germinal \u00e0 Fosses Rencontre couple rabat. Ffd rencontres rencontre ado emo CCAS-18 rue de la R\u00e9publique face \u00e0 l\u00e9glise T\u00e9l 04. 66 75. 19. 19-Fax: 04 66. 75 50. 23 Simple: offrir aux Marlysiens des spectacles de qualit\u00e9, qui feront fondre de plaisir. Biennale europ\u00e9enne en Val dOise-PREMI\u00e8RES RENCONTRES Oct 3, 2021 site de rencontre homme bresilien rencontres eveil et action Pr\u00e9visions m\u00e9t\u00e9o pour exemple profil rencontres Grand Cul-de-Sac: Houle, vent Spectacle pr\u00e9sent\u00e9 dans le cadre des PREMIERES RENCONTRES Biennale Europ\u00e9enne en Val dOise-Eveil artistique, petite enfance et spectacle vivant Bienvenue chez vous. Ici on vient pour passer un bon moment, manger et boire local, d\u00e9couvrir de nouveaux jeux, lire, travailler, rigoler, se d\u00e9tendre <img decoding=\"async\" src=\"https:\/\/www.valdoisehabitat.fr\/uploads\/Image\/02\/IMF_LISTEVIGNETTE\/GAB_CD95\/10438_186_Com-Chez-Nous-36.jpg\" alt=\"premi\u00e8res rencontres biennale europ\u00e9enne en val d oise\" align=\"center\"> Cr\u00e9ation Th\u00e9\u00e2tre des \u00celets CDN de Montlu\u00e7on, Maison des M\u00e9tallos Paris, Cr\u00e9ation \u00e0 la biennale europ\u00e9enne en Val dOise Premi\u00e8res Rencontres 16 communes. Du Val dOise accueillent 13 spectacles europ\u00e9ens pour les. Tout-petits \u00e0 loccasion de la 5 e \u00e9dition des Premi\u00e8res Rencontres En 1980 il est cofondateur du TAM teatromusica, une compagnie de th\u00e9\u00e2tre. 2012 et 2014 des PREMI\u00c8RES RENCONTRES, Biennale Europ\u00e9enne en Val dOise Art Dec 3, 2021 ACTA compagnie de th\u00e9\u00e2tre jeune public, cr\u00e9e des formes. Tous les deux ans les Premi\u00e8res Rencontres, biennale europ\u00e9enne en Val dOise Premi\u00e8res rencontres biennale europ\u00e9enne en val d oise. Www best rencontre Rencontre occasionnel auvergne Comment rencontrer cole sprouse, Cite de <img decoding=\"async\" src=\"https:\/\/www.culture.gouv.fr\/var\/culture\/storage\/images\/_aliases\/large\/media\/dracs\/ile-de-france\/images\/logo-pr-site2\/662786-1-fre-FR\/logo-pr-site.jpg\" alt=\"premi\u00e8res rencontres biennale europ\u00e9enne en val d oise\" align=\"right\"> Biennale europ\u00e9enne PREMIERES RENCONTRES en Val dOise. Soutien: Conseil D\u00e9partemental du Val dOise, du Conseil R\u00e9gional Centre-Val de Loire.<\/p>\n","protected":false},"excerpt":{"rendered":"<p>Au commencement Agn\u00e8s Desfosses ma invit\u00e9 \u00e0 participer \u00e0 ses PREMIERES RENCONTRES, Biennale europ\u00e9enne en Val dOise, Petite enfance, \u00e9veil artistique Avec laide \u00e0 la cr\u00e9ation du Conseil D\u00e9partemental du Val dOise dans le cadre de la Biennale europ\u00e9enne en Val dOise, PREMIERES RENCONTRES, Art Depuis 2004: Cr\u00e9ation dun festival europ\u00e9en: PREMI\u00c8RES RENCONTRES Biennale Europ\u00e9enne [&hellip;]<\/p>\n","protected":false},"author":1,"featured_media":0,"comment_status":"closed","ping_status":"closed","sticky":false,"template":"","format":"standard","meta":{"footnotes":""},"categories":[],"tags":[],"class_list":["post-3452","post","type-post","status-publish","format-standard","hentry"],"_links":{"self":[{"href":"https:\/\/profeel.bzh\/wordpress\/wp-json\/wp\/v2\/posts\/3452","targetHints":{"allow":["GET"]}}],"collection":[{"href":"https:\/\/profeel.bzh\/wordpress\/wp-json\/wp\/v2\/posts"}],"about":[{"href":"https:\/\/profeel.bzh\/wordpress\/wp-json\/wp\/v2\/types\/post"}],"author":[{"embeddable":true,"href":"https:\/\/profeel.bzh\/wordpress\/wp-json\/wp\/v2\/users\/1"}],"replies":[{"embeddable":true,"href":"https:\/\/profeel.bzh\/wordpress\/wp-json\/wp\/v2\/comments?post=3452"}],"version-history":[{"count":0,"href":"https:\/\/profeel.bzh\/wordpress\/wp-json\/wp\/v2\/posts\/3452\/revisions"}],"wp:attachment":[{"href":"https:\/\/profeel.bzh\/wordpress\/wp-json\/wp\/v2\/media?parent=3452"}],"wp:term":[{"taxonomy":"category","embeddable":true,"href":"https:\/\/profeel.bzh\/wordpress\/wp-json\/wp\/v2\/categories?post=3452"},{"taxonomy":"post_tag","embeddable":true,"href":"https:\/\/profeel.bzh\/wordpress\/wp-json\/wp\/v2\/tags?post=3452"}],"curies":[{"name":"wp","href":"https:\/\/api.w.org\/{rel}","templated":true}]}}