{"id":3417,"date":"2022-11-29T10:30:04","date_gmt":"2022-11-29T10:30:04","guid":{"rendered":"https:\/\/profeel.bzh\/wordpress\/?p=3417"},"modified":"2022-11-29T10:30:04","modified_gmt":"2022-11-29T10:30:04","slug":"rencontres-langres","status":"publish","type":"post","link":"https:\/\/profeel.bzh\/wordpress\/rencontres-langres\/","title":{"rendered":"Rencontres langres"},"content":{"rendered":"<p><img decoding=\"async\" src=\"https:\/\/www.jecontacte.org\/v3\/O\/l\/i\/vbth\/3401692306_1623694892.jpg\" alt=\"rencontres langres\" align=\"right\"> Title: Rencontres Philosophiques De Langres, Author: Office de Tourisme du Pays de Langres, Length: 36 pages, Published: 2016-06-01 Vous recherchez des rencontres networking \u00e0 Langres. De passage, nouveau dans le coin ou non, trouvez un \u00e9v\u00e9nement qui vous int\u00e9resse sur Eventbrite <img decoding=\"async\" src=\"https:\/\/www.grandest.fr\/wp-content\/uploads\/2021\/09\/rpl-21-380x460.jpg\" alt=\"rencontres langres\" align=\"center\"> Sep 28, 2016 Initi\u00e9es en 2011, les Rencontres Philosophiques de Langres. Elles sont port\u00e9es par le Forum Diderot-Langres et co-organis\u00e9es par la Ville 2 days ago On ira \u00e0 leur rencontre si possible une fois par mois, avait confi\u00e9. Les t\u00e9l\u00e9spectateurs pourront aussi d\u00e9couvrir la commune de Langres Sep 23, 2019 Pour loccasion, le Mus\u00e9e du Temps fera le d\u00e9placement \u00e0 Langres. Rencontres Philosophiques de Langres 2019 On sait peu que le grand philosophe Sep 14, 2021 Aussi, du 1er au 11 octobre 2021, la ville de Langres vous aidera \u00e0 r\u00e9pondre \u00e0 la question suivante: quest-ce que la justice. Les Rencontres Sep 8, 2014 Philosophie populaire ou colloque universitaire. Difficile pour les Rencontres, de trouver le ton juste pour des publics si diff\u00e9rents. Les Les Rencontres Philosophiques de Langres sont initi\u00e9es par le minist\u00e8re de l\u00c9ducation nationale et organis\u00e9es par le Forum Diderot-Langres et la ville de La onzi\u00e8me \u00e9dition des Rencontres philosophiques de Langres porte sur le th\u00e8me La justice. Le programme, les pr\u00e9sentations des conf\u00e9rences et s\u00e9minaires et 3 days ago Selon nos informations, le natif de Langres va entra\u00eener Boulogne-sur-Mer. St\u00e9phane Jobard a dirig\u00e9 42 rencontres avec le DFCO 3 days ago Decouvrez lannonce demploi Coordinateur des Rencontres Philosophiques de Langres HF Infirmi\u00e8re coordinatrice Langres 52 en CDD avec <img decoding=\"async\" src=\"https:\/\/jhm.fr\/wp-content\/uploads\/2022\/01\/650709-hr.jpg\" alt=\"rencontres langres\" align=\"left\"> Cest ce week-end que se tiendront les Rencontres philosophiques de Langres, ville natale de Diderot. Au programme cette ann\u00e9e, pour la quatri\u00e8me \u00e9dition Rencontre \u00e0 Langres sur Superencontre, site de rencontre gratuit pour c\u00e9libataires dans la ville de Langres, Haute-Marne, Grand Est Rencontres philosophiques de Langres. Le 09 octobre 2021. Ir\u00e8ne rencontre ses lecteurs le samedi 9 octobre lors des journ\u00e9es philosophiques de Langres \u00e0 D\u00e9tails de l\u00e9v\u00e8nement. Cr\u00e9\u00e9es en 2011, les Rencontres Philosophiques de Langres RPL sont une manifestation qui propose, pendant un peu plus dune semaine Rencontres philosophiques de Langres Podcasts-2015. A propos de lid\u00e9e de salut. Un point de vue sociologique-Rencontres philosophiques de Langres Dec 1, 2021 RENCONTRES PHILOSOPHIQUES DE LANGRES-RPL \u00e0 LANGRES 52200 RCS, SIREN, SIRET, bilans, statuts, chiffre daffaires, dirigeants, cartographie Les Rencontres Philosophiques de Langres RPL sont une manifestation qui propose, depuis 2011 et pendant plus dune semaine, de nombreux rendez-vous de Sep 30, 2021 Langres nen finit plus de rendre hommage \u00e0 lenfant du pays Diderot. Du 1er au 10 octobre, ses Rencontres Philosophiques auront pour th\u00e8me Jean-Michel Blanquer, ministre de l\u00c9ducation nationale, a tenu \u00e0 cl\u00f4turer la 7e \u00e9dition des Rencontres Philosophiques de Langres qui se sont d\u00e9roul\u00e9es du 2 Rencontre \u00e0 Langres des c\u00e9libataires de Haute Marne pour conna\u00eetre les Langonais et les Langonaises souhaitant d\u00e9couvrir lamour dans le 52 Sep 17, 2014 Dans le cadre du tricentenaire 2013 la naissance de Denis Diderot \u00e0 Langres, le Forum Diderot-Langres et la Ville de Langres organisent la.<\/p>\n","protected":false},"excerpt":{"rendered":"<p>Title: Rencontres Philosophiques De Langres, Author: Office de Tourisme du Pays de Langres, Length: 36 pages, Published: 2016-06-01 Vous recherchez des rencontres networking \u00e0 Langres. De passage, nouveau dans le coin ou non, trouvez un \u00e9v\u00e9nement qui vous int\u00e9resse sur Eventbrite Sep 28, 2016 Initi\u00e9es en 2011, les Rencontres Philosophiques de Langres. Elles sont port\u00e9es [&hellip;]<\/p>\n","protected":false},"author":1,"featured_media":0,"comment_status":"closed","ping_status":"closed","sticky":false,"template":"","format":"standard","meta":{"footnotes":""},"categories":[],"tags":[],"class_list":["post-3417","post","type-post","status-publish","format-standard","hentry"],"_links":{"self":[{"href":"https:\/\/profeel.bzh\/wordpress\/wp-json\/wp\/v2\/posts\/3417","targetHints":{"allow":["GET"]}}],"collection":[{"href":"https:\/\/profeel.bzh\/wordpress\/wp-json\/wp\/v2\/posts"}],"about":[{"href":"https:\/\/profeel.bzh\/wordpress\/wp-json\/wp\/v2\/types\/post"}],"author":[{"embeddable":true,"href":"https:\/\/profeel.bzh\/wordpress\/wp-json\/wp\/v2\/users\/1"}],"replies":[{"embeddable":true,"href":"https:\/\/profeel.bzh\/wordpress\/wp-json\/wp\/v2\/comments?post=3417"}],"version-history":[{"count":0,"href":"https:\/\/profeel.bzh\/wordpress\/wp-json\/wp\/v2\/posts\/3417\/revisions"}],"wp:attachment":[{"href":"https:\/\/profeel.bzh\/wordpress\/wp-json\/wp\/v2\/media?parent=3417"}],"wp:term":[{"taxonomy":"category","embeddable":true,"href":"https:\/\/profeel.bzh\/wordpress\/wp-json\/wp\/v2\/categories?post=3417"},{"taxonomy":"post_tag","embeddable":true,"href":"https:\/\/profeel.bzh\/wordpress\/wp-json\/wp\/v2\/tags?post=3417"}],"curies":[{"name":"wp","href":"https:\/\/api.w.org\/{rel}","templated":true}]}}