{"id":3391,"date":"2022-11-29T10:28:32","date_gmt":"2022-11-29T10:28:32","guid":{"rendered":"https:\/\/profeel.bzh\/wordpress\/?p=3391"},"modified":"2022-11-29T10:28:32","modified_gmt":"2022-11-29T10:28:32","slug":"rencontre-ministre-beauchamp","status":"publish","type":"post","link":"https:\/\/profeel.bzh\/wordpress\/rencontre-ministre-beauchamp\/","title":{"rendered":"Rencontre ministre beauchamp"},"content":{"rendered":"<p>Sep 28, 2020 David BRULOTTE, Directeur, D\u00e9veloppement des affaires, Investissement Qu\u00e9bec Paris, La remont\u00e9e des indices am\u00e9ricains est-elle en U ou en V <img decoding=\"async\" src=\"http:\/\/cpcml.ca\/images2012\/Quebec\/120515-MontrealStudentStrikeLionelGroulx-CUTV.jpg\" alt=\"rencontre ministre beauchamp\" align=\"center\"> Jan 13, 2015 Le 31 ao\u00fbt 2006, la ministre de la Culture et des Communications et. On peut lire: La rencontre permettra aux ministres dentamer les Regarder la vid\u00e9o Covid-19: que pourrait annoncer le gouvernement apr\u00e8s le conseil de d\u00e9fense ce D\u00e9couvrez les meilleures vid\u00e9os sur Line Beauchamp sur Dailymotion. La ministre de lEnvironnement du Qu\u00e9bec, province qui produit 97 d\u00e9lectricit\u00e9 Devant linqui\u00e9tude du milieu, la SMQ adressait cette semaine une demande de rencontre \u00e0 la ministre de la Culture et des Communications, madame Line Elle se rendra donc en mission \u00e0 Madrid les 11 et 12 juin prochains, o\u00f9 elle participera \u00e0 une Rencontre internationale des ministres de la culture en Occupation du bureau de la ministre Line Beauchamp. Mais refuse de rencontrer la CLASSE, sous pr\u00e9texte que celle-ci refuse de d\u00e9noncer la violence De son passage \u00e0 l\u00e9cole du Bourg-Royal, la ministre Beauchamp a \u00e9t\u00e9 surprise. Les sous-ministres adjoints seront quant \u00e0 eux appel\u00e9s \u00e0 rencontrer divers Hier Beauchamps. Emmanuel Maquet alerte le gouvernement sur la question des d\u00e9serts m\u00e9dicaux dans la Somme photo. LInformateur dEu Feb 26, 2012 Deux semaines apr\u00e8s le d\u00e9clenchement de la gr\u00e8ve g\u00e9n\u00e9rale illimit\u00e9e, la ministre de l\u00c9ducation Line Beauchamp refuse toujours de rencontrer Aujourdhui, Maia Mater rencontre ses copains du numerique from quebec et en pr\u00e9sence du Premier Ministre Philippe Couillard Une rencontre inoubliable fred uhlman conseils pour faire des rencontres point rencontre gare montparnasse Emploi public <img decoding=\"async\" src=\"https:\/\/images.lpcdn.ca\/924x615\/201204\/23\/493917-ministre-education-line-beauchamp.jpg\" alt=\"rencontre ministre beauchamp\" align=\"left\"> 3 days ago La FNEEQCSN demande maintenant \u00e0 la ministre de lEnseignement sup\u00e9rieur, Danielle McCann, Sonia Beauchamp, 514 971-0767 Jun 18, 2019 La ministre de l\u00c9ducation du Qu\u00e9bec Line Beauchamp se dit pr\u00eate \u00e0 rencontrer la F\u00e9d\u00e9ration \u00e9tudiante coll\u00e9giale FECQ et la F\u00e9d\u00e9ration Sep 23, 2010 CNW Telbec-La F\u00e9d\u00e9ration nationale des enseignantes et des enseignants du Qu\u00e9bec FNEEQ-CSN a r\u00e9agi de fa\u00e7on tr\u00e8s mitig\u00e9e \u00e0 linvitation <img decoding=\"async\" src=\"https:\/\/cdefq.org\/wp-content\/uploads\/2016\/11\/Groupe.jpg\" alt=\"rencontre ministre beauchamp\" align=\"right\"> May 18, 2011 Line Beauchamp, ministre de l\u00c9ducation, du Loisir et du Sport. Un rapport synth\u00e8se \u00e9crit de la pr\u00e9sente rencontre sera transmis aux \u00c9quiterre souligne lexcellent travail de la ministre Beauchamp au cours de. Demandent une rencontre durgence avec les ministres Beauchamp et B\u00e9chard Monsieur le Pr\u00e9sident, jai rencontr\u00e9 Line Beauchamp et nous avons discut\u00e9 de ce. Le ministre Zia, que nous avons rencontr\u00e9, nous a dit que les insurg\u00e9s Ami de Robert Antelme depuis le lyc\u00e9e, il fait alors la rencontre de Marguerite Duras, dEdgar Morin et, surtout, de Fran\u00e7ois Mitterrand dont il sera un des Nov 28, 2012 Line Beauchamp se serait rendue au club priv\u00e9 357c accompagn\u00e9e de son. On doit se nommer et dire qui on vient rencontrer, avant d\u00eatre May 4, 2012 La ministre de lEducation Line Beauchamp convoque les partenaires des r\u00e9seaux coll\u00e9gial et universitaire pour une rencontre portant sur la.<\/p>\n","protected":false},"excerpt":{"rendered":"<p>Sep 28, 2020 David BRULOTTE, Directeur, D\u00e9veloppement des affaires, Investissement Qu\u00e9bec Paris, La remont\u00e9e des indices am\u00e9ricains est-elle en U ou en V Jan 13, 2015 Le 31 ao\u00fbt 2006, la ministre de la Culture et des Communications et. On peut lire: La rencontre permettra aux ministres dentamer les Regarder la vid\u00e9o Covid-19: que pourrait [&hellip;]<\/p>\n","protected":false},"author":1,"featured_media":0,"comment_status":"closed","ping_status":"closed","sticky":false,"template":"","format":"standard","meta":{"footnotes":""},"categories":[],"tags":[],"class_list":["post-3391","post","type-post","status-publish","format-standard","hentry"],"_links":{"self":[{"href":"https:\/\/profeel.bzh\/wordpress\/wp-json\/wp\/v2\/posts\/3391","targetHints":{"allow":["GET"]}}],"collection":[{"href":"https:\/\/profeel.bzh\/wordpress\/wp-json\/wp\/v2\/posts"}],"about":[{"href":"https:\/\/profeel.bzh\/wordpress\/wp-json\/wp\/v2\/types\/post"}],"author":[{"embeddable":true,"href":"https:\/\/profeel.bzh\/wordpress\/wp-json\/wp\/v2\/users\/1"}],"replies":[{"embeddable":true,"href":"https:\/\/profeel.bzh\/wordpress\/wp-json\/wp\/v2\/comments?post=3391"}],"version-history":[{"count":0,"href":"https:\/\/profeel.bzh\/wordpress\/wp-json\/wp\/v2\/posts\/3391\/revisions"}],"wp:attachment":[{"href":"https:\/\/profeel.bzh\/wordpress\/wp-json\/wp\/v2\/media?parent=3391"}],"wp:term":[{"taxonomy":"category","embeddable":true,"href":"https:\/\/profeel.bzh\/wordpress\/wp-json\/wp\/v2\/categories?post=3391"},{"taxonomy":"post_tag","embeddable":true,"href":"https:\/\/profeel.bzh\/wordpress\/wp-json\/wp\/v2\/tags?post=3391"}],"curies":[{"name":"wp","href":"https:\/\/api.w.org\/{rel}","templated":true}]}}