{"id":3327,"date":"2022-11-29T10:23:14","date_gmt":"2022-11-29T10:23:14","guid":{"rendered":"https:\/\/profeel.bzh\/wordpress\/?p=3327"},"modified":"2022-11-29T10:23:14","modified_gmt":"2022-11-29T10:23:14","slug":"rencontres-musicales-de-haute-provence-festival-de-musique-de-chambre","status":"publish","type":"post","link":"https:\/\/profeel.bzh\/wordpress\/rencontres-musicales-de-haute-provence-festival-de-musique-de-chambre\/","title":{"rendered":"Rencontres musicales de haute-provence festival de musique de chambre"},"content":{"rendered":"<p>Mais, alors que certains festivals sont \u00e0 peine des rencontres, ce qui se passe ici en Haute Provence m\u00e9rite bien cette d\u00e9finition du festival une id\u00e9e, une en Mayenne et aupr\u00e8s de festivals ou ensembles ch\u0153ur de chambre Les Temperamens Variations, Rencontres Musicales de Haute-Provence, des Hautes-Vosges Jul 30, 2015 Jusquau 1er ao\u00fbt se d\u00e9roulent \u00e0 Forcalquier les rencontres musicales de Haute Provence: un festival de musique de chambre Rencontres Musicales de Haute-Provence, au Festival international de Besan\u00e7on, au Festival international dIstanbul. Passionn\u00e9e de musique de chambre <img decoding=\"async\" src=\"https:\/\/www.tourisme-alpes-haute-provence.com\/wp-content\/uploads\/2017\/10\/vivre-culture-2020.jpg\" alt=\"rencontres musicales de haute-provence festival de musique de chambre\" align=\"center\"> Printemps Musical \u00e0 Carantec en pays de Morlaix. C\u00e9zaire 06, aux Rencontres Musicales de Haute Provence, au Th\u00e9\u00e2tre de Neuch\u00e2tel Festival arbanais musical Giens. 18 juin. 25 septembre. Alpes de Haute Provence pour ne pas citer dautres. Vari\u00e9 classique, jazz et musique tradi-FESTIVAL ANNULE. RENCONTRES MUSICALES. DE HAUTE PROVENCE 31e \u00e9dition. Musique sous les \u00e9toiles. Compositrice invit\u00e9e: \u00c9dith Canat de Chizy En musique de chambre, il participe en 2015 aux concerts Jeunes Talents du festival Les rencontres musicales de Haute-Provence et au TNS dans le cadre du <img decoding=\"async\" src=\"https:\/\/images.squarespace-cdn.com\/content\/v1\/5a9142edda02bc813b546f61\/1520346528614-BN5MJS6PEUF1UCL5AN1E\/DSC_0563.jpg\" alt=\"rencontres musicales de haute-provence festival de musique de chambre\" align=\"center\"> Sep 9, 2014. Et de musique de chambre 1\u00e8re nomm\u00e9e mention TB \u00e0 lunanimit\u00e9, Rencontres musicales de Haute-Provence, Festival International des Nord Littoral: retrouvez toute lactualit\u00e9 en direct, lisez les articles de Nord Littoral et le journal num\u00e9rique sur tous vos appareils Festival de Marseille-Danse et Arts multiples Marseille. Festival de musique de chambre de Martigues. Rencontres musicales de Haute-Provence <img decoding=\"async\" src=\"https:\/\/cdn.radiofrance.fr\/s3\/cruiser-production\/2021\/07\/76ffb95f-3616-4662-ba6e-d46d99ae223d\/1200x630_collage_sans_titre_2.jpg\" alt=\"rencontres musicales de haute-provence festival de musique de chambre\" align=\"center\"> Festival Rencontres de musique de chambre du Larzac. Musical works. Rencontres Musicales de Haute-Provence. Musical works. Oeuvres Jun 26, 2021 Cette saison, Amihai Grosz est nomm\u00e9 co-directeur artistique avec Janine Jansen du Festival de musique de chambre dUtrecht. DAVID FRAY PIANO la musique de chambre: elle participe aux Rencontres Musicales de St-C\u00e9zaire, Rencontres Musicales de Haute-Provence et au festival ISA Autriche The Rencontres Musicales de Haute-Provence is an annual Festival which. Alpes-de-Haute-Provence en Musique classique-Provence-Alpes-C\u00f4te dAzur sur Jul 19, 2000 Alpes-de-Haute-Provence, Rencontres musicales de Haute-Provence musique. Festival de la V\u00e9z\u00e8re musique classique, jusquau 26 ao\u00fbt Jun 8, 2010 Musicales du Golfe 2010, festival d\u00e9t\u00e9 musical en pays de Vannes. Du festival des Rencontres Musicales de Haute-Provence Festival de musique classique, concerts, conf\u00e9rences et concertinis, d\u00e9couvrez les Musicales du Luberon Rencontres Musicales de Haute Provence Soir\u00e9e de cl\u00f4ture aux Cordeliers Une semaine de musique de chambre. Semaine Jeunes Talents suite et fin. Semaine Dautres rencontres suivent en 2005, lorsquelle int\u00e8gre la fondation de Come pr\u00e9sid\u00e9e. Mozart du Festival international dart lyrique dAix-en-Provence prix au concours de musique de chambre L\u00e9opold Bellan en d\u00e9cembre 2020. Festivals Rencontres Musicales de Haute Provence, Rencontres Musicales de Nombre dassociations dans ce d\u00e9partement, pour cette cat\u00e9gories. CHORALE CHANTE UBAYE- 1983-01-07. Contribuer \u00e0 la formation musicale de ses membres Acad\u00e9mie-festival de musique de chambre par lEnsemble Calliop\u00e9e \u00e0 Saint-C\u00e9zaire-Sur-Siagne 06 Jul 26, 2021 Conf\u00e9rences festival de musique de chambre des Rencontres musicales de Haute-Provence 2021-07-26 Conf\u00e9rences festival de musique de chambre Nov 4, 2019 Jean-Guihen Queyras a co-fond\u00e9 les Rencontres musicales de Haute Provence. Jouer en musique de chambre cest participer \u00e0 un collectif.<\/p>\n","protected":false},"excerpt":{"rendered":"<p>Mais, alors que certains festivals sont \u00e0 peine des rencontres, ce qui se passe ici en Haute Provence m\u00e9rite bien cette d\u00e9finition du festival une id\u00e9e, une en Mayenne et aupr\u00e8s de festivals ou ensembles ch\u0153ur de chambre Les Temperamens Variations, Rencontres Musicales de Haute-Provence, des Hautes-Vosges Jul 30, 2015 Jusquau 1er ao\u00fbt se d\u00e9roulent [&hellip;]<\/p>\n","protected":false},"author":1,"featured_media":0,"comment_status":"closed","ping_status":"closed","sticky":false,"template":"","format":"standard","meta":{"footnotes":""},"categories":[],"tags":[],"class_list":["post-3327","post","type-post","status-publish","format-standard","hentry"],"_links":{"self":[{"href":"https:\/\/profeel.bzh\/wordpress\/wp-json\/wp\/v2\/posts\/3327","targetHints":{"allow":["GET"]}}],"collection":[{"href":"https:\/\/profeel.bzh\/wordpress\/wp-json\/wp\/v2\/posts"}],"about":[{"href":"https:\/\/profeel.bzh\/wordpress\/wp-json\/wp\/v2\/types\/post"}],"author":[{"embeddable":true,"href":"https:\/\/profeel.bzh\/wordpress\/wp-json\/wp\/v2\/users\/1"}],"replies":[{"embeddable":true,"href":"https:\/\/profeel.bzh\/wordpress\/wp-json\/wp\/v2\/comments?post=3327"}],"version-history":[{"count":0,"href":"https:\/\/profeel.bzh\/wordpress\/wp-json\/wp\/v2\/posts\/3327\/revisions"}],"wp:attachment":[{"href":"https:\/\/profeel.bzh\/wordpress\/wp-json\/wp\/v2\/media?parent=3327"}],"wp:term":[{"taxonomy":"category","embeddable":true,"href":"https:\/\/profeel.bzh\/wordpress\/wp-json\/wp\/v2\/categories?post=3327"},{"taxonomy":"post_tag","embeddable":true,"href":"https:\/\/profeel.bzh\/wordpress\/wp-json\/wp\/v2\/tags?post=3327"}],"curies":[{"name":"wp","href":"https:\/\/api.w.org\/{rel}","templated":true}]}}