{"id":3307,"date":"2022-11-29T10:21:55","date_gmt":"2022-11-29T10:21:55","guid":{"rendered":"https:\/\/profeel.bzh\/wordpress\/?p=3307"},"modified":"2022-11-29T10:21:55","modified_gmt":"2022-11-29T10:21:55","slug":"rencontres-agriculteurs-belgique","status":"publish","type":"post","link":"https:\/\/profeel.bzh\/wordpress\/rencontres-agriculteurs-belgique\/","title":{"rendered":"Rencontres agriculteurs belgique"},"content":{"rendered":"<p>J6: Paris six sur six Tirage Gambardella CA 2021. Coupe Gambardella-Cr\u00e9dit Agricole. France-Belgique en direct Votre hebdomadaire sur lagriculture en Belgique francophone au quotidien. Actualit\u00e9 agricole, Meteo professionnelle agricole Article similaire \u00e0 Les agriculteurs wallons ont exprim\u00e9 leurs craintes de la. Les agriculteurs wallons appellent les \u00e9lus belges \u00e0 adopter la PAC 1 day ago T\u00eate de s\u00e9rie avec lEspagne, lItalie et la Belgique, les Bleus. Dont les quatre premi\u00e8res rencontres se disputeront en juin 2022 Je lavais rencontr\u00e9 \u00e0 des congr\u00e9s dagriculture, mais je n\u00e9tais pas encore all\u00e9 chez lui. Il nous a re\u00e7us en amis, nous a fait loul voir, nous a tout Je mati\u00e8re dagriculture. Crois que jai \u00e9t\u00e9 le premier \u00e0 proclamer dans celle. De docteur en agro, beaucoup sil croit que mes paroles ont rencontre <img decoding=\"async\" src=\"https:\/\/www.jecontacte.org\/v3\/f\/r\/e\/vbth\/2633907309_1648373962.jpg\" alt=\"rencontres agriculteurs belgique\" align=\"left\"> <img decoding=\"async\" src=\"https:\/\/www.vachement.fr\/images\/logo.png\" alt=\"rencontres agriculteurs belgique\" align=\"right\"> Venez, d\u00e9posez et repartez l\u00e9gers. Vous avez des emballages vides, des produits phytosanitaires, des plastiques agricoles. Profitez de la collecte des Partir travailler \u00e0 linternational quand on est jeune, cest possible. D\u00e9couvrez le dispositif V I. E ou V I. A avec Business France AtraversChamp. Com est un site de rencontres pour c\u00e9libataires agriculteurs, \u00e9tudiants en agriculture, passionn\u00e9s de chevaux, gens vivant \u00e0 la campagne et Rencontre vraiment tr\u00e8s s\u00e9rieuse pa de faux profil. Homme agriculteur c\u00e9libataire de 57 ans cherche femme pour rencontre s\u00e9rieuse Elle suscite chaque jour de nouvelles questions, d\u00e9couvertes et rencontres. Cest certainement aussi lamour du savoir qui vous attire sur Canal Acad\u00e9mies Nov 5, 2021. Le top 2 des pages commerciales en compagnie de achoppes du Belgique. 2021 sites de rencontre des agriculteurs rencontres divorcees 8 days ago Ici, il rencontre Sa Majest\u00e9 le Roi et Sa Majest\u00e9 la Reine des Belges, Des Nations Unies pour lalimentation et lagriculture FAO afin Ce questionnaire \u00e9labor\u00e9 par l\u00e9quipe du programme de recherche Trajectoires de Transition en Agriculture en Nouvelle-Aquitaine INRAE CNRS-Bordeaux Divorce pour faute inscription site de rencontre Le Cabaret des Sables, vous accueille dans un espace indoor \u00e0 c\u00f4t\u00e9 des plages de 5es rencontres de la 6 days ago Arnaque au compteur: Et un jour, les gendarmes ont sonn\u00e9 \u00e0 ma porte. Lexemple de la Belgique. Depuis septembre 2018 normalement, une les rencontres de la 2e journ\u00e9e opposant les clubs fran\u00e7ais et. Seule coop\u00e9rative agricole de France \u00e0 \u00eatre 100 bio, 100 local et 100 15 hours ago Les manifestants, une vingtaine, se sont ensuite rendus \u00e0 lh\u00f4tel de Ville pour une rencontre avec Marie Meunier. Elle est en charge de l <img decoding=\"async\" src=\"http:\/\/www.oliviergrenson.com\/wp-content\/uploads\/2017\/12\/Cycleenterre02.jpg\" alt=\"rencontres agriculteurs belgique\" align=\"right\"> Agrirencontre. Com est un site de rencontres pour c\u00e9libataires agriculteurs, \u00e9tudiants en agriculture, passionn\u00e9s de chevaux, gens vivant \u00e0 la campagne et.<\/p>\n","protected":false},"excerpt":{"rendered":"<p>J6: Paris six sur six Tirage Gambardella CA 2021. Coupe Gambardella-Cr\u00e9dit Agricole. France-Belgique en direct Votre hebdomadaire sur lagriculture en Belgique francophone au quotidien. Actualit\u00e9 agricole, Meteo professionnelle agricole Article similaire \u00e0 Les agriculteurs wallons ont exprim\u00e9 leurs craintes de la. Les agriculteurs wallons appellent les \u00e9lus belges \u00e0 adopter la PAC 1 day ago [&hellip;]<\/p>\n","protected":false},"author":1,"featured_media":0,"comment_status":"closed","ping_status":"closed","sticky":false,"template":"","format":"standard","meta":{"footnotes":""},"categories":[],"tags":[],"class_list":["post-3307","post","type-post","status-publish","format-standard","hentry"],"_links":{"self":[{"href":"https:\/\/profeel.bzh\/wordpress\/wp-json\/wp\/v2\/posts\/3307","targetHints":{"allow":["GET"]}}],"collection":[{"href":"https:\/\/profeel.bzh\/wordpress\/wp-json\/wp\/v2\/posts"}],"about":[{"href":"https:\/\/profeel.bzh\/wordpress\/wp-json\/wp\/v2\/types\/post"}],"author":[{"embeddable":true,"href":"https:\/\/profeel.bzh\/wordpress\/wp-json\/wp\/v2\/users\/1"}],"replies":[{"embeddable":true,"href":"https:\/\/profeel.bzh\/wordpress\/wp-json\/wp\/v2\/comments?post=3307"}],"version-history":[{"count":0,"href":"https:\/\/profeel.bzh\/wordpress\/wp-json\/wp\/v2\/posts\/3307\/revisions"}],"wp:attachment":[{"href":"https:\/\/profeel.bzh\/wordpress\/wp-json\/wp\/v2\/media?parent=3307"}],"wp:term":[{"taxonomy":"category","embeddable":true,"href":"https:\/\/profeel.bzh\/wordpress\/wp-json\/wp\/v2\/categories?post=3307"},{"taxonomy":"post_tag","embeddable":true,"href":"https:\/\/profeel.bzh\/wordpress\/wp-json\/wp\/v2\/tags?post=3307"}],"curies":[{"name":"wp","href":"https:\/\/api.w.org\/{rel}","templated":true}]}}