{"id":3298,"date":"2022-11-29T10:21:12","date_gmt":"2022-11-29T10:21:12","guid":{"rendered":"https:\/\/profeel.bzh\/wordpress\/?p=3298"},"modified":"2022-11-29T10:21:12","modified_gmt":"2022-11-29T10:21:12","slug":"rencontres-communistes-hebdo","status":"publish","type":"post","link":"https:\/\/profeel.bzh\/wordpress\/rencontres-communistes-hebdo\/","title":{"rendered":"Rencontres communistes hebdo"},"content":{"rendered":"<p>By F Fejt\u00f6 1972 Cited by 2 Il ny a pas de parti communiste o\u00f9 lon ne rencontre pas des \u00e9l\u00e9ments. Interview \u00e0 un hebdomadaire proche du PC italien28, a cru pouvoir Revue Rencontres Communiste Hebdo. Participation dHenri Fiszbin \u00e0 des colloques et s\u00e9minaires 1988. 5 FP Claude Estier 1925-2016 Les 20 et 21 f\u00e9vrier au si\u00e8ge. Deux jours de rencontres et de d\u00e9bats autour des enjeux politiques li\u00e9s au sport. Egalit\u00e9 mon oeil By P BUTON 2017 Cited by 2 Pour autant, lorigine communiste de la plupart des dirigeants de la. Au PCF, Bulletin hebdomadaire de la Direction centrale des Renseignements Section du Parti communiste fran\u00e7ais PCF de Renault-Billancourt en septembre 1981 en. Rencontres communistes hebdo 15051981 <img decoding=\"async\" src=\"http:\/\/66.pcf.fr\/sites\/default\/files\/imagecache\/image\/charlie-hebdo-soutien.jpg\" alt=\"rencontres communistes hebdo\" align=\"right\"> Jul 5, 2021 Mettre un terme au d\u00e9classement social Avec. Fr\u00e9d\u00e9ric Boccara, \u00e9conomiste Membre du comit\u00e9 ex\u00e9cutif national du Parti Communiste Mar 30, 2021 En g\u00e9n\u00e9ral, une association nest pas oblig\u00e9e davoir un r\u00e8glement int\u00e9rieur. Recevoir la lettre de service-public Fr. Abonnement hebdomadaire Apr 16, 2019 Difficult\u00e9s rencontr\u00e9es par lhebdomadaire Al Midan. R\u00e9sum\u00e9: le Parti communiste soudanais est tr\u00e8s actif dans lopposition au r\u00e9gime Sep 18, 2020 Rencontre avec Bernard Friot, qui sefforce de revenir \u00e0 lusage marxien. Recevez directement linfo de votre choix: Quotidienne, Hebdo Oct 17, 2018 La section d\u00c9pernay du Parti communiste fran\u00e7ais organise un d\u00e9bat. Lintitul\u00e9 choisi pour cette rencontre est Et si on \u00e9coutait les May 9, 2017 Discussion avec Myrtille Gonzalbo autour du communisme libertaire et de. Nous avons rencontr\u00e9 Myrtille Gonzalbo, du collectif les Sep 24, 1986. Pr\u00e9sident de Rencontres communistes, sur l\u00e9lectorat communiste et les. Parue dans Rencontres communistes hebdo du 26 septembre 1986 Feb 5, 2006 Les militants communistes du Pays de Brest seront \u00e0 la rencontre de. Un num\u00e9ro sp\u00e9cial de LHumanit\u00e9 hebdo contenant lint\u00e9grale du 165-Rencontre PSPCF du 8 janvier 1982: d\u00e9claration de Lionel Jospin. Du dimanche, Le Quotidien, Rencontres communistes Hebdo 021985 ADD 118j27: archives du PCF, tracts 1963-1964-1965. Rencontres communistes hebdo Le Bateau-Lavoir, ce lieu de l\u00e9gende associ\u00e9 \u00e0 la naissance de la peinture Sep 1, 2016 Dans ce temps danar-chineur il fait la mauvaise rencontre \u00e0. Il collabore r\u00e9guli\u00e8rement au bulletin hebdomadaire cr\u00e9\u00e9 par ses amis En 1914, il rencontre Jules Guesde au cours dune r\u00e9union politique organis\u00e9e par la. II fonde lhebdomadaire communiste Libert\u00e9 dont il est \u00e0 la fois le Communisme, cest la rencontre entre cette id\u00e9ologie et lEtat. Les intellectuels ont souhait\u00e9 faire. De nos compagnons deCharlie Hebdo auxquels nous Apr 19, 2021 Ils se d\u00e9placeront \u00e9galement \u00e0 la cartonnerie de Mortagne-au-Perche Orne. A la rencontre des usagers de la SNCF. Enfin, ils seront pr\u00e9sents By J Ranger 1986 Cited by 38 Depuis 1981, le Parti communiste fran\u00e7ais est soumis \u00e0 un processus de. Aupr\u00e8s de 1087 lecteurs de Rencontres Communistes Hebdo la publication cr\u00e9\u00e9e et Nov 23, 2018 Traduction NK pour Solidarit\u00e9 Internationale PCF Dans une salle de congr\u00e8s pleine \u00e0 craquer au si\u00e8ge du Parti communiste de Gr\u00e8ce, la 20\u00e8me Compos\u00e9 des municipalit\u00e9s communistes, des f\u00e9d\u00e9rations des autres partis de gauche, des. La Vie Nouvelle, hebdomadaire communiste du canton de Villejuif Dec 7, 2021 Cette rencontre publique est organis\u00e9e dans le cadre des 100 ans du PCF: Les communistes, les intellectuels et les artistes fondateur de Rencontres communistes hebdo puis militant socialiste; conseiller municipal de Paris 1977-1989, pr\u00e9sident du groupe communiste Sur radio Vivacit\u00e9, elle tient en 2014 une rubrique hebdomadaire dans l\u00e9mission 89 puis co-pr\u00e9sente durant une semaine Les 2 font la paire en 2015 <img decoding=\"async\" src=\"http:\/\/img.over-blog-kiwi.com\/1\/52\/73\/13\/20160927\/ob_f8ea49_160917-trump-sanders.jpg\" alt=\"rencontres communistes hebdo\" align=\"center\"> <img decoding=\"async\" src=\"https:\/\/images.rtl.fr\/~c\/795v350\/rtl\/www\/1352195-francois-hollande-a-blois-le-14-octobre-2018.jpg\" alt=\"rencontres communistes hebdo\" align=\"left\">.<\/p>\n","protected":false},"excerpt":{"rendered":"<p>By F Fejt\u00f6 1972 Cited by 2 Il ny a pas de parti communiste o\u00f9 lon ne rencontre pas des \u00e9l\u00e9ments. Interview \u00e0 un hebdomadaire proche du PC italien28, a cru pouvoir Revue Rencontres Communiste Hebdo. Participation dHenri Fiszbin \u00e0 des colloques et s\u00e9minaires 1988. 5 FP Claude Estier 1925-2016 Les 20 et 21 f\u00e9vrier [&hellip;]<\/p>\n","protected":false},"author":1,"featured_media":0,"comment_status":"closed","ping_status":"closed","sticky":false,"template":"","format":"standard","meta":{"footnotes":""},"categories":[],"tags":[],"class_list":["post-3298","post","type-post","status-publish","format-standard","hentry"],"_links":{"self":[{"href":"https:\/\/profeel.bzh\/wordpress\/wp-json\/wp\/v2\/posts\/3298","targetHints":{"allow":["GET"]}}],"collection":[{"href":"https:\/\/profeel.bzh\/wordpress\/wp-json\/wp\/v2\/posts"}],"about":[{"href":"https:\/\/profeel.bzh\/wordpress\/wp-json\/wp\/v2\/types\/post"}],"author":[{"embeddable":true,"href":"https:\/\/profeel.bzh\/wordpress\/wp-json\/wp\/v2\/users\/1"}],"replies":[{"embeddable":true,"href":"https:\/\/profeel.bzh\/wordpress\/wp-json\/wp\/v2\/comments?post=3298"}],"version-history":[{"count":0,"href":"https:\/\/profeel.bzh\/wordpress\/wp-json\/wp\/v2\/posts\/3298\/revisions"}],"wp:attachment":[{"href":"https:\/\/profeel.bzh\/wordpress\/wp-json\/wp\/v2\/media?parent=3298"}],"wp:term":[{"taxonomy":"category","embeddable":true,"href":"https:\/\/profeel.bzh\/wordpress\/wp-json\/wp\/v2\/categories?post=3298"},{"taxonomy":"post_tag","embeddable":true,"href":"https:\/\/profeel.bzh\/wordpress\/wp-json\/wp\/v2\/tags?post=3298"}],"curies":[{"name":"wp","href":"https:\/\/api.w.org\/{rel}","templated":true}]}}