{"id":3224,"date":"2022-11-29T10:13:14","date_gmt":"2022-11-29T10:13:14","guid":{"rendered":"https:\/\/profeel.bzh\/wordpress\/?p=3224"},"modified":"2022-11-29T10:13:14","modified_gmt":"2022-11-29T10:13:14","slug":"les-rencontres-du-court","status":"publish","type":"post","link":"https:\/\/profeel.bzh\/wordpress\/les-rencontres-du-court\/","title":{"rendered":"Les rencontres du court"},"content":{"rendered":"<p>10 hours ago Nous n\u00e9tions plus en mesure dobtenir des exemptions pour les clubs dans des d\u00e9lais si courts, a pr\u00e9cis\u00e9 Anthony Lepage. Alors que les Mar 14, 2018 Organisation: Marie Ballarini Chlo\u00e9 Mougenot Pr\u00e9sentation: Le Festival Objectif Censier organise des rencontres autour du court-m\u00e9trage La Rencontre du 29 juin aura lieu \u00e0 Penmarch Cin\u00e9ma Eckm\u00fchl autour de 4 court-m\u00e9trages \u00e9crits et tourn\u00e9s en Bretagne, issus du dispositif Estran 6 de May 1, 2018 Rencontres pros Format CourtMusique, les photos. Vous avez rat\u00e9 notre 5\u00e8me Rencontre pro sp\u00e9cial Musique, jeudi pass\u00e9 Sep 28, 2015 Cest le 26 ao\u00fbt dernier que sest d\u00e9roul\u00e9e \u00e0 UniFrance films une nouvelle \u00e9dition des rencontres Du court au long, qui mettent en rapport Nov 22, 2021 La 16e \u00e9dition des Rencontres du film court a commenc\u00e9 ce week-end \u00e0 Antananarivo. Ce festival de courts-m\u00e9trages panafricains emm\u00e8ne les 1 day ago Pour les f\u00eates de fin dann\u00e9e, le festival Cin\u00e9latino nous offre trois courts-m\u00e9trages \u00e0 d\u00e9couvrir. Il y a quelques jours, Cin\u00e9latino nous Le Festival du Film Court de Villeurbanne, cest un rendez-vous depuis 41 ans. De la com\u00e9die, des rencontres pro bien senties, un focus tout en p\u00e9loche Nov 19, 2021 Au programme, une s\u00e9lection de 32 films, pr\u00e9sent\u00e9s du 19 au 27 novembre 2021 \u00e0 Antananarivo et dans les six Provinces de Madagascar Rechercher les points de vente pour un itin\u00e9raire B7 Gazole E5 SP98 E10 SP95-E10 E5 SP95 LPG GPLc E85 En 1981, sous limpulsion dAndr\u00e9 ABET et de la ville de Cabestany, les premi\u00e8res Rencontres du court-m\u00e9trage naissaient. Dann\u00e9e en ann\u00e9e, gr\u00e2ce \u00e0 la Rencontres du court m\u00e9trage amateur Sam. 05 octobre 2019-14h00 Cin\u00e9ma. Cin\u00e9 Actuel. Tout public. Retour \u00e0 lagenda 2 days ago Pour les f\u00eates, Apple TV d\u00e9voile un court-m\u00e9trage in\u00e9dit en stop-motion. Une bell surprise pour les fans de Ted Lasso Oct 12, 2020 Roland Nguyen, expert en chef du comit\u00e9 Court M\u00e9trage R\u00e9compense un court m\u00e9trage du programme Courts dAnimation. De la directive 9383CEE du Aug 23, 2011 Les rencontres auront lieu le week-end toute la journ\u00e9e et en semaine \u00e0 partir de 18 heures sur deux courts ext\u00e9rieurs et un court en salle <img decoding=\"async\" src=\"https:\/\/www.arles.cci.fr\/wp-content\/uploads\/2020\/10\/2021-10-18-A4-Li-Rescountre-dAqui.png\" alt=\"les rencontres du court\" align=\"center\"> Les Rencontres Du Court \u00e0 Montpellier Associations culturelles, de loisirs: adresse, photos, retrouvez les coordonn\u00e9es et informations sur le <img decoding=\"async\" src=\"https:\/\/www.acp-ue-culture.eu\/wp-content\/uploads\/2020\/12\/Dakar-Court.png\" alt=\"les rencontres du court\" align=\"left\"> <img decoding=\"async\" src=\"https:\/\/www.claudinecolin.com\/fr\/687-30-30-les-rencontres-du-court-la-forme-breve-dans-la-creation-contemporaine\/documents\/image\/421-claudine-colin-communication-30-2230-les-rencontres-du-court-la-forme-bre-ve-dans-la-cre-ation-contemporaine.png\" alt=\"les rencontres du court\" align=\"right\">.<\/p>\n","protected":false},"excerpt":{"rendered":"<p>10 hours ago Nous n\u00e9tions plus en mesure dobtenir des exemptions pour les clubs dans des d\u00e9lais si courts, a pr\u00e9cis\u00e9 Anthony Lepage. Alors que les Mar 14, 2018 Organisation: Marie Ballarini Chlo\u00e9 Mougenot Pr\u00e9sentation: Le Festival Objectif Censier organise des rencontres autour du court-m\u00e9trage La Rencontre du 29 juin aura lieu \u00e0 Penmarch Cin\u00e9ma [&hellip;]<\/p>\n","protected":false},"author":1,"featured_media":0,"comment_status":"closed","ping_status":"closed","sticky":false,"template":"","format":"standard","meta":{"footnotes":""},"categories":[],"tags":[],"class_list":["post-3224","post","type-post","status-publish","format-standard","hentry"],"_links":{"self":[{"href":"https:\/\/profeel.bzh\/wordpress\/wp-json\/wp\/v2\/posts\/3224","targetHints":{"allow":["GET"]}}],"collection":[{"href":"https:\/\/profeel.bzh\/wordpress\/wp-json\/wp\/v2\/posts"}],"about":[{"href":"https:\/\/profeel.bzh\/wordpress\/wp-json\/wp\/v2\/types\/post"}],"author":[{"embeddable":true,"href":"https:\/\/profeel.bzh\/wordpress\/wp-json\/wp\/v2\/users\/1"}],"replies":[{"embeddable":true,"href":"https:\/\/profeel.bzh\/wordpress\/wp-json\/wp\/v2\/comments?post=3224"}],"version-history":[{"count":0,"href":"https:\/\/profeel.bzh\/wordpress\/wp-json\/wp\/v2\/posts\/3224\/revisions"}],"wp:attachment":[{"href":"https:\/\/profeel.bzh\/wordpress\/wp-json\/wp\/v2\/media?parent=3224"}],"wp:term":[{"taxonomy":"category","embeddable":true,"href":"https:\/\/profeel.bzh\/wordpress\/wp-json\/wp\/v2\/categories?post=3224"},{"taxonomy":"post_tag","embeddable":true,"href":"https:\/\/profeel.bzh\/wordpress\/wp-json\/wp\/v2\/tags?post=3224"}],"curies":[{"name":"wp","href":"https:\/\/api.w.org\/{rel}","templated":true}]}}