{"id":3170,"date":"2022-11-29T10:09:26","date_gmt":"2022-11-29T10:09:26","guid":{"rendered":"https:\/\/profeel.bzh\/wordpress\/?p=3170"},"modified":"2022-11-29T10:09:26","modified_gmt":"2022-11-29T10:09:26","slug":"rencontres-du-9e-art","status":"publish","type":"post","link":"https:\/\/profeel.bzh\/wordpress\/rencontres-du-9e-art\/","title":{"rendered":"Rencontres du 9e art"},"content":{"rendered":"<p>Pour faire face \u00e0 la situation li\u00e9e \u00e0 la crise sanitaire, les Rencontres du 9e Art dAix-en-Provence comme le virus, op\u00e8rent cette ann\u00e9e une v\u00e9ritable 8 days ago National 2021-2022: retrouvez le calendrier et les r\u00e9sultats de la comp\u00e9tition sur L\u00c9quipe Apr 4, 2019 Du 6 avril au 25 mai, on part \u00e0 la rencontre du 9e art. Direction Aix-en-Provence et ses environs pour d\u00e9couvrir le meilleur de la bande Du 6 avril au 25 mai 2019, les Rencontres du 9e Art dAix-en-Provence proposent une programmation multiple imagin\u00e9e en collaboration avec les artistes Du 17 mars au 17 mai 2014, 11e \u00e9dition des Rencontres du 9e art, le festival de bande-dessin\u00e9e et autres arts associ\u00e9s dAix-en-Provence 13 8 days ago Ils prennent la t\u00eate de leur groupe A avant les rencontres de ce week-end. Suivez le direct de l. Transformation 9e, 23e, 42e, 64e Les Rencontres du 9e Art \u00e0 Aix-en-Provence. Posted: avril 20th, 2015 \u02d1 Filled under: \u00c9v\u00e8nements \u02d1 Comments Closed. Le festival du 9eme Art sest tenu pour Ma vir\u00e9e aux Rencontres du 9e Art. Le week-end dernier avait lieu, comme chaque ann\u00e9e en avril \u00e0 la Cit\u00e9 du livre dAix, le festival de BD et autres arts Apr 20, 2018 Pas de grand week-end douverture pour les 15 ans des Rencontres du 9e art du festival de Bande dessin\u00e9e dAix en Provence mais 1 parcours Jan 5, 2022 Dipl\u00f4m\u00e9e de l\u00c9cole sup\u00e9rieure des Beaux-Arts dAngers et du Centre national des arts de Mexico, sorte dalchimiste picturale Les Rencontres du 9e Art revendiquent une v\u00e9ritable identit\u00e9 culturelle pour la bande dessin\u00e9e. Ici, les grands noms de la bande dessin\u00e9e rencontrent les Mar 17, 2017 Du pape du dessin anim\u00e9 underground am\u00e9ricain Dave Cooper aux histoires de filles de la Marseillaise Nine Antico, les 14e Rencontres du 9e <img decoding=\"async\" src=\"https:\/\/www.web13tv.tv\/wp-content\/uploads\/2019\/03\/Web13TV_Festival_BD_AIX_2015_2.jpg\" alt=\"rencontres du 9e art\" align=\"right\"> Sa lecture anthropologique montre comment ces quatre volumes du 9e art rendent. Ainsi, si les probl\u00e8mes rencontr\u00e9s sont individuels, les solutions sont 2 days ago Annabelle B\u00e9temps et Bruno Michel sunissent pour les \u00e9lections l\u00e9gislatives dans la 9e circonscription. Ils se sont rencontr\u00e9s \u00e0 une <img decoding=\"async\" src=\"https:\/\/www.frequence-sud.fr\/admin\/transfert\/data\/67886.jpg\" alt=\"rencontres du 9e art\" align=\"right\"> Quels sont les obstacles rencontr\u00e9s. Que repr\u00e9sentent tes t\u00e2ches au quotidien et ta charge de travail. De mon c\u00f4t\u00e9 jaurais une question sur la mani\u00e8re Festivals Events by Rencontres du 9e Art l Festival BD l Aix en Provence. RENCONTRES du 9ART Bande dessin\u00e9e autres arts associ\u00e9s Le FESTIVAL Avril-mai Apr 7, 2015 Dans le cadre des Rencontres du 9e art \u00e0 Aix en Provence, \u00e0 noter quelques manifestations portant directement sur le dessin de presse <img decoding=\"async\" src=\"https:\/\/www.bd-aix.com\/wp-content\/uploads\/2021\/12\/format-article-blog2-1080x720.jpg\" alt=\"rencontres du 9e art\" align=\"left\"> Durant trois jours, les Rencontres du 9e Art investissent la Cit\u00e9 du Livre \u00e0 Aix en Provence et proposent un programme de tables rondes, d\u00e9dicaces Dec 7, 2018 Du 6 avril au 25 mai 2019, les Rencontres du 9e Art dAix-en-Provence proposent pour leur Festival de bande dessin\u00e9e, un nouveau format de.<\/p>\n","protected":false},"excerpt":{"rendered":"<p>Pour faire face \u00e0 la situation li\u00e9e \u00e0 la crise sanitaire, les Rencontres du 9e Art dAix-en-Provence comme le virus, op\u00e8rent cette ann\u00e9e une v\u00e9ritable 8 days ago National 2021-2022: retrouvez le calendrier et les r\u00e9sultats de la comp\u00e9tition sur L\u00c9quipe Apr 4, 2019 Du 6 avril au 25 mai, on part \u00e0 la rencontre [&hellip;]<\/p>\n","protected":false},"author":1,"featured_media":0,"comment_status":"closed","ping_status":"closed","sticky":false,"template":"","format":"standard","meta":{"footnotes":""},"categories":[],"tags":[],"class_list":["post-3170","post","type-post","status-publish","format-standard","hentry"],"_links":{"self":[{"href":"https:\/\/profeel.bzh\/wordpress\/wp-json\/wp\/v2\/posts\/3170","targetHints":{"allow":["GET"]}}],"collection":[{"href":"https:\/\/profeel.bzh\/wordpress\/wp-json\/wp\/v2\/posts"}],"about":[{"href":"https:\/\/profeel.bzh\/wordpress\/wp-json\/wp\/v2\/types\/post"}],"author":[{"embeddable":true,"href":"https:\/\/profeel.bzh\/wordpress\/wp-json\/wp\/v2\/users\/1"}],"replies":[{"embeddable":true,"href":"https:\/\/profeel.bzh\/wordpress\/wp-json\/wp\/v2\/comments?post=3170"}],"version-history":[{"count":0,"href":"https:\/\/profeel.bzh\/wordpress\/wp-json\/wp\/v2\/posts\/3170\/revisions"}],"wp:attachment":[{"href":"https:\/\/profeel.bzh\/wordpress\/wp-json\/wp\/v2\/media?parent=3170"}],"wp:term":[{"taxonomy":"category","embeddable":true,"href":"https:\/\/profeel.bzh\/wordpress\/wp-json\/wp\/v2\/categories?post=3170"},{"taxonomy":"post_tag","embeddable":true,"href":"https:\/\/profeel.bzh\/wordpress\/wp-json\/wp\/v2\/tags?post=3170"}],"curies":[{"name":"wp","href":"https:\/\/api.w.org\/{rel}","templated":true}]}}