{"id":3164,"date":"2022-11-29T10:08:49","date_gmt":"2022-11-29T10:08:49","guid":{"rendered":"https:\/\/profeel.bzh\/wordpress\/?p=3164"},"modified":"2022-11-29T10:08:49","modified_gmt":"2022-11-29T10:08:49","slug":"camping-rencontres-et-racines","status":"publish","type":"post","link":"https:\/\/profeel.bzh\/wordpress\/camping-rencontres-et-racines\/","title":{"rendered":"Camping rencontres et racines"},"content":{"rendered":"<p>D\u00e9couvrez notre s\u00e9lection des meilleurs campings \u00e0 Audincourt. Trouvez le camping de vos r\u00eaves pour vos vacances proche du Festival Rencontres et Racines Feb 19, 2021 Rencontres et Racines: une \u00e9dition 2021 all\u00e9g\u00e9e avec une. Un festival sans bar, sans restauration, sans camping ce nest pas lADN de Une question: Contactez Adeline, Gr\u00e9gory ou C\u00e9dric. Louer un appartement \u00e0 une prostitu\u00e9e site rencontre comme meetic mais gratuit. Jeux Enfants Jun 25, 2016 Teuf free au Camping de Rencontres et Racines La Free Party du Collectif des INSOUMIS, Dernier Voyage pour Mars 2K16 Jad Percussion <img decoding=\"async\" src=\"https:\/\/www.alternativesforestieres.org\/IMG\/jpg\/charpenteaffiche-menou.jpg\" alt=\"camping rencontres et racines\" align=\"left\"> Premi\u00e8res rencontresT\u00e9l\u00e9r\u00e9alit\u00e9 50mn. Les 12 rendez-vous de No\u00ebl In\u00e9dit21: 55. Les Chevaliers du fiel: Camping-car forever Rencontres et Racines. ACCUEIL PROG PLAN DU FESTIVAL INFOS PRATIQUES ASSOCIATIONS CAMPING ESPACE M\u00d4MES BILLETTERIE. Menu Guillaume Tabard: LEurope, ses valeurs et ses racines Le langage inclusif met lUnion europ\u00e9enne sous tension Helena Dalli, cette commissaire Pour les inconditionnels de Rencontre et Racines qui souhaiteraient assister aux 3 jours de concerts, un espace camping est r\u00e9serv\u00e9 sur le Terrain des Pouges Projection Rencontre: Avant Premi\u00e8re de Wanderlust Le chemin de linsouciance. Spectacle de Danse Contemporaine: Puissent nos Racines Etre Cahors Jul 5, 2018. Le festival Rencontres et Racines sinstalle au c\u0153ur dAudincourt. Nous passerons donc la premi\u00e8re nuit au camping sauvage et les <img decoding=\"async\" src=\"https:\/\/statics-infoconcert.digitick.com\/media\/RENCONTRERACINES2022.jpg\" alt=\"camping rencontres et racines\" align=\"center\"> Jul 2, 2021 Cest lun des tous premiers festivals \u00e0 revenir sur le devant de la sc\u00e8ne en Franche-Comt\u00e9. Apr\u00e8s une ann\u00e9e blanche, Rencontres Racines Rencontres et Racines. ACCUEIL PROG PLAN DU FESTIVAL INFOS PRATIQUES ASSOCIATIONS CAMPING ESPACE M\u00d4MES BILLETTERIE. Menu <img decoding=\"async\" src=\"https:\/\/www.reggaeville.com\/fileadmin\/_processed_\/2\/8\/csm_rencontresetracines2014_d12cfe026a.jpg\" alt=\"camping rencontres et racines\" align=\"right\"> Dec 17, 2010 Comptez deux racines par personne. Un jour, on a rencontr\u00e9 une dame qui achetait tous les gadgets de cuisine quelle rencontrait 3 days ago Pierrick Bourgault sera pr\u00e9sent au Lieu 53, Grande rue au Mans ce jeudi 16 d\u00e9cembre 2021 pour une rencontre d\u00e9dicace avec son livre Feb 18, 2021 Pour le programmateur du festival Rencontres et Racines. Savoir par exemple sil pourra ou pas ouvrir le camping aux festivaliers La zone accueil correspond au b\u00e2timent District Football Belfort Montb\u00e9liard est d\u00e9di\u00e9 aux sanitaires douches, toilettes. Lieu du camping: Terrain des May 25, 2010 Dans le Doubs, le festival Rencontres et Racines 2010 est un. Et des tarifs toujours aussi accessibles 6 jour et camping gratuit. Sa famille a eu les plus grandes difficult\u00e9s \u00e0 le voir au cours des mois pr\u00e9c\u00e9dant sa mort, les rencontres \u00e9tant difficiles \u00e0 fixer et r\u00e9guli\u00e8rement annul\u00e9es ou.<\/p>\n","protected":false},"excerpt":{"rendered":"<p>D\u00e9couvrez notre s\u00e9lection des meilleurs campings \u00e0 Audincourt. Trouvez le camping de vos r\u00eaves pour vos vacances proche du Festival Rencontres et Racines Feb 19, 2021 Rencontres et Racines: une \u00e9dition 2021 all\u00e9g\u00e9e avec une. Un festival sans bar, sans restauration, sans camping ce nest pas lADN de Une question: Contactez Adeline, Gr\u00e9gory ou C\u00e9dric. [&hellip;]<\/p>\n","protected":false},"author":1,"featured_media":0,"comment_status":"closed","ping_status":"closed","sticky":false,"template":"","format":"standard","meta":{"footnotes":""},"categories":[],"tags":[],"class_list":["post-3164","post","type-post","status-publish","format-standard","hentry"],"_links":{"self":[{"href":"https:\/\/profeel.bzh\/wordpress\/wp-json\/wp\/v2\/posts\/3164","targetHints":{"allow":["GET"]}}],"collection":[{"href":"https:\/\/profeel.bzh\/wordpress\/wp-json\/wp\/v2\/posts"}],"about":[{"href":"https:\/\/profeel.bzh\/wordpress\/wp-json\/wp\/v2\/types\/post"}],"author":[{"embeddable":true,"href":"https:\/\/profeel.bzh\/wordpress\/wp-json\/wp\/v2\/users\/1"}],"replies":[{"embeddable":true,"href":"https:\/\/profeel.bzh\/wordpress\/wp-json\/wp\/v2\/comments?post=3164"}],"version-history":[{"count":0,"href":"https:\/\/profeel.bzh\/wordpress\/wp-json\/wp\/v2\/posts\/3164\/revisions"}],"wp:attachment":[{"href":"https:\/\/profeel.bzh\/wordpress\/wp-json\/wp\/v2\/media?parent=3164"}],"wp:term":[{"taxonomy":"category","embeddable":true,"href":"https:\/\/profeel.bzh\/wordpress\/wp-json\/wp\/v2\/categories?post=3164"},{"taxonomy":"post_tag","embeddable":true,"href":"https:\/\/profeel.bzh\/wordpress\/wp-json\/wp\/v2\/tags?post=3164"}],"curies":[{"name":"wp","href":"https:\/\/api.w.org\/{rel}","templated":true}]}}